{"id":11156,"date":"2025-11-28T17:24:32","date_gmt":"2025-11-28T20:24:32","guid":{"rendered":"https:\/\/xn--tuvozdiasporaespaola-k7b.com\/page\/2\/?p=11156"},"modified":"2025-11-28T17:24:32","modified_gmt":"2025-11-28T20:24:32","slug":"siria-el-espejo-roto-del-mundo","status":"publish","type":"post","link":"https:\/\/xn--tuvozdiasporaespaola-k7b.com\/page\/2\/siria-el-espejo-roto-del-mundo\/","title":{"rendered":"SIRIA. El espejo roto del mundo"},"content":{"rendered":"\n<p>Poe Fernando Ortega de Bergued\u00e1,  Catalu\u00f1a , Redacci\u00f3n <\/p>\n\n\n\n<p>La guerra siria no solo desangr\u00f3 un pa\u00eds: desnuda la hipocres\u00eda de una comunidad internacional que aplaudi\u00f3 sanciones, financi\u00f3 fanatismos y confundi\u00f3 revoluci\u00f3n con devastaci\u00f3n.<\/p>\n\n\n\n<p>El comienzo del espejismo<\/p>\n\n\n\n<p>Cuando Siria empez\u00f3 a arder, muchos creyeron que el fuego traer\u00eda libertad. En 2011, mientras el eco de las primaveras \u00e1rabes recorr\u00eda \u00c1frica y Oriente Medio, j\u00f3venes y mayores se levantaron reclamando dignidad, trabajo, derechos y futuro. <\/p>\n\n\n\n<p>En Daraa, en Homs, en Damasco, surgi\u00f3 la esperanza de un cambio. Pero pronto, aquel humo de esperanza se mezcl\u00f3 con el humo de las armas.Lo que naci\u00f3 como clamor popular fue secuestrado por intereses lejanos a la justicia o la democracia. Siria se convirti\u00f3 en tablero de una guerra global donde cada potencia jug\u00f3 sus cartas y los sirios fueron convertidos en fichas. <\/p>\n\n\n\n<p>La lucha dej\u00f3 de ser por libertad y pas\u00f3 a ser por control, territorio y recursos. Detr\u00e1s de cada bandera, otra bandera; detr\u00e1s de cada discurso, otro inter\u00e9s.<\/p>\n\n\n\n<p>La revoluci\u00f3n que nunca fue<\/p>\n\n\n\n<p>Ninguna guerra moderna se libra sin relato. Siria se convirti\u00f3 en un ejemplo perfecto: desde los primeros d\u00edas, los grandes medios occidentales construyeron un relato binario: pueblo versus tirano. Pero pronto la narrativa se quebr\u00f3. Las milicias \u201cmoderadas\u201d financiadas internacionalmente terminaron siendo extensiones del yihadismo m\u00e1s brutal. Los \u201clibertadores\u201d grababan ejecuciones, las \u201czonas liberadas\u201d impon\u00edan velos y castigos. La bandera de la democracia ondeaba sobre ruinas y cad\u00e1veres.<\/p>\n\n\n\n<p>Mientras tanto, Estados Unidos, Europa, Turqu\u00eda, Arabia Saud\u00ed, Ir\u00e1n y Rusia interven\u00edan directa o indirectamente, defendiendo cada uno su cuota de influencia. Los sirios dejaron de ser protagonistas de su historia: fueron instrumentos, da\u00f1os colaterales, pretextos para sancionar, bombardear o negociar. Lo que naci\u00f3 como primavera termin\u00f3 siendo un invierno sin fin.<\/p>\n\n\n\n<p>La hipocres\u00eda global y el activismo de sal\u00f3n<\/p>\n\n\n\n<p>Desde la comodidad de caf\u00e9s europeos y universidades del norte global, muchos aplaudieron el castigo a Siria. Las sanciones eran \u201cnecesarias para presionar al r\u00e9gimen\u201d, dec\u00edan. Lo que no dijeron es que privaban de medicamentos a hospitales, de combustible a escuelas, de pan a familias. El precio no lo pagaban los poderosos: lo pagaban ni\u00f1os, ancianos y familias desplazadas.<\/p>\n\n\n\n<p>Cientos de miles de sirios huyeron buscando refugio. A muchos se les negaron visados y asilo pol\u00edtico; otros quedaron atrapados en campos de refugiados sin futuro. La libertad que clamaban para Siria se convirti\u00f3, para estos desplazados, en un laberinto de desesperanza y dolor.<\/p>\n\n\n\n<p>Ser activista desde el sof\u00e1 es f\u00e1cil cuando el sufrimiento est\u00e1 a miles de kil\u00f3metros. En nombre de la moral, se impuso un castigo colectivo que convirti\u00f3 a todo un pueblo en reh\u00e9n de su geograf\u00eda. Los que cuestionaron esa narrativa fueron tildados de c\u00f3mplices, propagandistas, enemigos. La compasi\u00f3n se convirti\u00f3 en espect\u00e1culo; la moralidad, en autojustificaci\u00f3n.<\/p>\n\n\n\n<p>El castigo colectivo y la p\u00e9rdida de dignidad<\/p>\n\n\n\n<p>Despu\u00e9s de m\u00e1s de una d\u00e9cada, Siria qued\u00f3 arrasada. Las sanciones la asfixiaron m\u00e1s que las bombas. Millones sobrevivieron bajo ruinas o bajo el control de milicias extremistas; millones huyeron para no volver jam\u00e1s.<\/p>\n\n\n\n<p>Lo m\u00e1s grave fue la p\u00e9rdida de dignidad: las grandes potencias permitieron que el pa\u00eds fuera saqueado \u2014petr\u00f3leo, trigo, vestigios arqueol\u00f3gicos\u2014 mientras se repart\u00edan contratos y zonas de influencia bajo el nombre de \u201creconstrucci\u00f3n\u201d. El sufrimiento sirio se volvi\u00f3 negocio. <\/p>\n\n\n\n<p>La compasi\u00f3n, un eslogan. <\/p>\n\n\n\n<p>La indiferencia, pol\u00edtica de Estado.Y hoy, el gobierno que esos mismos actores apoyaron y financiaron subyuga a\u00fan m\u00e1s a la poblaci\u00f3n que la que exist\u00eda bajo Bashar al-\u00c1sad. La ilusi\u00f3n de libertad se transform\u00f3 en cadenas m\u00e1s pesadas.<\/p>\n\n\n\n<p>Siria como advertencia universal.<\/p>\n\n\n\n<p>Siria no es solo un pa\u00eds; es un espejo. Refleja lo que ocurre cuando el poder decide qui\u00e9n merece vivir y qui\u00e9n puede ser sacrificado. Cuando la opini\u00f3n p\u00fablica occidental confunde empat\u00eda con espect\u00e1culo y compromiso con un tuit. Cuando se celebra moralidad desde la distancia, mientras los que sufren pagan el precio.La historia siria deber\u00eda avergonzarnos. <\/p>\n\n\n\n<p>Porque lo que se destruy\u00f3 all\u00ed no fue solo un pa\u00eds, sino la idea misma de humanidad compartida. Siria nos recuerda que la dignidad no se exporta con drones ni sanciones, que la justicia no se impone con bloqueos, y que la paz no se construye sobre el hambre de otros.<\/p>\n\n\n\n<p>Quienes aplaudieron sanciones y financiaron milicias extremistas hoy tienen una responsabilidad moral: reconocer que su activismo c\u00f3modo ayud\u00f3 a consolidar un r\u00e9gimen m\u00e1s opresivo que el anterior. <\/p>\n\n\n\n<p>Que la historia no olvida a quienes se pusieron de lado y que el futuro no los perdona.Siria no es una tragedia lejana. Es un espejo roto en el que todos \u2014ciudadanos, gobiernos, instituciones\u2014 debemos mirarnos, para no repetir el mismo error. <\/p>\n\n\n\n<p>Porque la libertad no se impone desde fuera; se defiende desde dentro. Y la humanidad no se construye con aplausos vac\u00edos, sino con responsabilidad compartida.<\/p>\n\n\n\n<figure class=\"wp-block-image size-full\"><img fetchpriority=\"high\" decoding=\"async\" width=\"640\" height=\"640\" src=\"https:\/\/xn--tuvozdiasporaespaola-k7b.com\/wp-content\/uploads\/2025\/11\/1000434546-3.jpg\" alt=\"\" class=\"wp-image-11157\" srcset=\"https:\/\/xn--tuvozdiasporaespaola-k7b.com\/wp-content\/uploads\/2025\/11\/1000434546-3.jpg 640w, https:\/\/xn--tuvozdiasporaespaola-k7b.com\/wp-content\/uploads\/2025\/11\/1000434546-3-300x300.jpg 300w, https:\/\/xn--tuvozdiasporaespaola-k7b.com\/wp-content\/uploads\/2025\/11\/1000434546-3-150x150.jpg 150w\" sizes=\"(max-width: 640px) 100vw, 640px\" \/><\/figure>\n","protected":false},"excerpt":{"rendered":"<p>Poe Fernando Ortega de Bergued\u00e1, Catalu\u00f1a , Redacci\u00f3n La guerra siria no solo desangr\u00f3 un pa\u00eds: desnuda la hipocres\u00eda de una comunidad internacional que &#8230; <\/p>\n<p class=\"read-more-container\"><a title=\"SIRIA. El espejo roto del mundo\" class=\"read-more button\" href=\"https:\/\/xn--tuvozdiasporaespaola-k7b.com\/page\/2\/siria-el-espejo-roto-del-mundo\/#more-11156\" aria-label=\"M\u00e1s en SIRIA. El espejo roto del mundo\">Leer m\u00e1s<\/a><\/p>\n","protected":false},"author":222560522,"featured_media":11158,"comment_status":"closed","ping_status":"open","sticky":false,"template":"","format":"standard","meta":{"footnotes":""},"categories":[121869],"tags":[],"class_list":["post-11156","post","type-post","status-publish","format-standard","has-post-thumbnail","hentry","category-internaciones","resize-featured-image"],"_links":{"self":[{"href":"https:\/\/xn--tuvozdiasporaespaola-k7b.com\/page\/2\/wp-json\/wp\/v2\/posts\/11156","targetHints":{"allow":["GET"]}}],"collection":[{"href":"https:\/\/xn--tuvozdiasporaespaola-k7b.com\/page\/2\/wp-json\/wp\/v2\/posts"}],"about":[{"href":"https:\/\/xn--tuvozdiasporaespaola-k7b.com\/page\/2\/wp-json\/wp\/v2\/types\/post"}],"author":[{"embeddable":true,"href":"https:\/\/xn--tuvozdiasporaespaola-k7b.com\/page\/2\/wp-json\/wp\/v2\/users\/222560522"}],"replies":[{"embeddable":true,"href":"https:\/\/xn--tuvozdiasporaespaola-k7b.com\/page\/2\/wp-json\/wp\/v2\/comments?post=11156"}],"version-history":[{"count":1,"href":"https:\/\/xn--tuvozdiasporaespaola-k7b.com\/page\/2\/wp-json\/wp\/v2\/posts\/11156\/revisions"}],"predecessor-version":[{"id":11159,"href":"https:\/\/xn--tuvozdiasporaespaola-k7b.com\/page\/2\/wp-json\/wp\/v2\/posts\/11156\/revisions\/11159"}],"wp:featuredmedia":[{"embeddable":true,"href":"https:\/\/xn--tuvozdiasporaespaola-k7b.com\/page\/2\/wp-json\/wp\/v2\/media\/11158"}],"wp:attachment":[{"href":"https:\/\/xn--tuvozdiasporaespaola-k7b.com\/page\/2\/wp-json\/wp\/v2\/media?parent=11156"}],"wp:term":[{"taxonomy":"category","embeddable":true,"href":"https:\/\/xn--tuvozdiasporaespaola-k7b.com\/page\/2\/wp-json\/wp\/v2\/categories?post=11156"},{"taxonomy":"post_tag","embeddable":true,"href":"https:\/\/xn--tuvozdiasporaespaola-k7b.com\/page\/2\/wp-json\/wp\/v2\/tags?post=11156"}],"curies":[{"name":"wp","href":"https:\/\/api.w.org\/{rel}","templated":true}]}}