{"id":11154,"date":"2025-11-28T17:52:55","date_gmt":"2025-11-28T20:52:55","guid":{"rendered":"https:\/\/xn--tuvozdiasporaespaola-k7b.com\/page\/2\/?p=11154"},"modified":"2025-11-28T17:52:55","modified_gmt":"2025-11-28T20:52:55","slug":"buena-y-mala-para-jara-para-la-segunda-vuelta-en-chile","status":"publish","type":"post","link":"https:\/\/xn--tuvozdiasporaespaola-k7b.com\/page\/2\/buena-y-mala-para-jara-para-la-segunda-vuelta-en-chile\/","title":{"rendered":"BUENA y MALA  para JARA para la segunda vuelta  en CHILE."},"content":{"rendered":"\n<p>Equipos de Redacci\u00f3n TU VOZ <\/p>\n\n\n\n<p>Con vistas al dia del balotage y tras la primera vuelta que fue una mala noticia para el gobierno y para la candidatura de Jara. El c\u00e1lculo es que iba a ganar por un margen relativamente amplio, sin mayor\u00eda absoluta, algunos hablaban de hasta 10 o 15 puntos de ventaja y claramente eso no es lo que ocurrio. <\/p>\n\n\n\n<p>\u00bfPor qu\u00e9 ella necesitaba ganar en primera vuelta con una diferencia significativa? Porque se supon\u00eda, (eso lo aguraban las encuestas), que los votos sumados de los candidatos de la derecha, los tres principales, iban a ser superiores a los votos de la coalici\u00f3n de izquierda.<\/p>\n\n\n\n<p>Y si ganas por dos o tres puntos, que es lo que ha termino ocurriendo, la presunci\u00f3n es que en segunda vuelta los votos combinados de los tres candidatos de derecha van a ser muy superiores a la votaci\u00f3n potencial de la candidatura oficialista. <\/p>\n\n\n\n<p>Probablemente la \u00fanica noticia buena para Jara sea que el tercer lugar no lo ocupo, no lo ocupo Keiser en particular, pero tampoco Matei, sino Par\u00edsi, \u00bfque tiene la ventaja?, que parisi dec\u00eda, ni Facho, ni Comunacho, es decir, yo no soy ni con la candidata del partidoComunista, ni con las candidaturas de derecha, pero eso era en primera vuelta. <\/p>\n\n\n\n<p>Ahora que hay una segunda vuelta, Jara puede contar como tener parte de los votos de Par\u00edsi, seria muy improbable que pudiera contar con las bases de votos de las candidaturas de derecha, salvo una proporci\u00f3n muy peque\u00f1a de probablemente los votos de Matei, no le iba a sacar un solo voto a Keiser pero vamos a ver.<\/p>\n\n\n\n<p>Primero ya se ha definido el Congreso y la derecha tiene mayor\u00eda del Congreso, incluso en la eventualidad de que Jara gane, (que parece por ahora improbable), va a tener que lidiar con un Congreso con mayor\u00eda de derecha.<\/p>\n\n\n\n<p>Ahora, en su favor, queda que Jara era mejor candidata y es mejor candidata que Kast, pero su lastre es que representa un gobierno que tiene m\u00e1s de 60% de desaprobaci\u00f3n y representa un partido que ser\u00e1 democr\u00e1tico pero se llama Comunista y adem\u00e1s a tener una actitud francamente de sus bases militantes ambiguo con Venezuela, Nicaragua y Cuba, entonces ese es el lastre con el que carga Jara qu\u00e9 siendo una buena candidata se enfrenta a la tibieza del anterior gobierno de Boric que nunca hizom las reformas que prometio teniendo hoy chile una constituci\u00f3n del dictador Pinoche. <\/p>\n\n\n\n<p>De hecho Kast solo sin coalici\u00f3n tiene la cancha inclinada en su contra cono candidato y a juzgar por las encuestas, yo no tengo otra base para firmar, pero tambi\u00e9n con base en el resultado anterior (eso ya no es encuesta), el resultado electoral en la primera opci\u00f3n la tiene Kast Kast no es la mejor alternativa para el Per\u00fa o Bolivia, paises hermanos, Kast ha propuesto cerrar la frontera tanto con Bolivia como con Per\u00fa, y eso es algo que le perjudica ya que el norte de Chile vive en parte del comercio con es algo que ven con buenos ojos.<\/p>\n\n\n\n<p>Foto portada : Jeannette JaraFoto: Crist\u00f3bal Olivares\/Bloomberg<\/p>\n","protected":false},"excerpt":{"rendered":"<p>Equipos de Redacci\u00f3n TU VOZ Con vistas al dia del balotage y tras la primera vuelta que fue una mala noticia para el gobierno &#8230; <\/p>\n<p class=\"read-more-container\"><a title=\"BUENA y MALA  para JARA para la segunda vuelta  en CHILE.\" class=\"read-more button\" href=\"https:\/\/xn--tuvozdiasporaespaola-k7b.com\/page\/2\/buena-y-mala-para-jara-para-la-segunda-vuelta-en-chile\/#more-11154\" aria-label=\"M\u00e1s en BUENA y MALA  para JARA para la segunda vuelta  en CHILE.\">Leer m\u00e1s<\/a><\/p>\n","protected":false},"author":222560522,"featured_media":11160,"comment_status":"closed","ping_status":"open","sticky":false,"template":"","format":"standard","meta":{"footnotes":""},"categories":[121853],"tags":[],"class_list":["post-11154","post","type-post","status-publish","format-standard","has-post-thumbnail","hentry","category-elecciones","resize-featured-image"],"_links":{"self":[{"href":"https:\/\/xn--tuvozdiasporaespaola-k7b.com\/page\/2\/wp-json\/wp\/v2\/posts\/11154","targetHints":{"allow":["GET"]}}],"collection":[{"href":"https:\/\/xn--tuvozdiasporaespaola-k7b.com\/page\/2\/wp-json\/wp\/v2\/posts"}],"about":[{"href":"https:\/\/xn--tuvozdiasporaespaola-k7b.com\/page\/2\/wp-json\/wp\/v2\/types\/post"}],"author":[{"embeddable":true,"href":"https:\/\/xn--tuvozdiasporaespaola-k7b.com\/page\/2\/wp-json\/wp\/v2\/users\/222560522"}],"replies":[{"embeddable":true,"href":"https:\/\/xn--tuvozdiasporaespaola-k7b.com\/page\/2\/wp-json\/wp\/v2\/comments?post=11154"}],"version-history":[{"count":2,"href":"https:\/\/xn--tuvozdiasporaespaola-k7b.com\/page\/2\/wp-json\/wp\/v2\/posts\/11154\/revisions"}],"predecessor-version":[{"id":11161,"href":"https:\/\/xn--tuvozdiasporaespaola-k7b.com\/page\/2\/wp-json\/wp\/v2\/posts\/11154\/revisions\/11161"}],"wp:featuredmedia":[{"embeddable":true,"href":"https:\/\/xn--tuvozdiasporaespaola-k7b.com\/page\/2\/wp-json\/wp\/v2\/media\/11160"}],"wp:attachment":[{"href":"https:\/\/xn--tuvozdiasporaespaola-k7b.com\/page\/2\/wp-json\/wp\/v2\/media?parent=11154"}],"wp:term":[{"taxonomy":"category","embeddable":true,"href":"https:\/\/xn--tuvozdiasporaespaola-k7b.com\/page\/2\/wp-json\/wp\/v2\/categories?post=11154"},{"taxonomy":"post_tag","embeddable":true,"href":"https:\/\/xn--tuvozdiasporaespaola-k7b.com\/page\/2\/wp-json\/wp\/v2\/tags?post=11154"}],"curies":[{"name":"wp","href":"https:\/\/api.w.org\/{rel}","templated":true}]}}