{"id":11143,"date":"2025-11-29T03:47:11","date_gmt":"2025-11-29T06:47:11","guid":{"rendered":"https:\/\/xn--tuvozdiasporaespaola-k7b.com\/page\/2\/?p=11143"},"modified":"2025-11-29T03:47:12","modified_gmt":"2025-11-29T06:47:12","slug":"la-cultura-es-la-expresion-mas-alta-del-proceso-de-encuentro-de-dialogo-y-de-civilizacion","status":"publish","type":"post","link":"https:\/\/xn--tuvozdiasporaespaola-k7b.com\/page\/2\/la-cultura-es-la-expresion-mas-alta-del-proceso-de-encuentro-de-dialogo-y-de-civilizacion\/","title":{"rendered":"\u201cLa cultura es la expresi\u00f3n m\u00e1s alta del proceso de encuentro, de di\u00e1logo y de civilizaci\u00f3n\u201d"},"content":{"rendered":"\n<p>Por Walter C. Medina<\/p>\n\n\n\n<p>ENTRVISTA A BENJAM\u00cdN GONZ\u00c1LEZ <\/p>\n\n\n\n<p>El bloque \u201cVoces de Latinoam\u00e9rica\u201d del programa radial \u201cCenizas de Babilonia. Di\u00e1spora Espa\u00f1ola\u201d, que conduce Francisco L\u00f3pez en AM830 Radio del Pueblo, tuvo como invitado a Benjam\u00edn Gonz\u00e1lez, quien dialog\u00f3 desde M\u00e9xico con Isabel Segovia acerca de la relevancia de los procesos de desarrollo cultural que atraviesa el pa\u00eds. <\/p>\n\n\n\n<p>La democratizaci\u00f3n de la cultura, el acceso de la poblaci\u00f3n vulnerable a la educaci\u00f3n y la defensa de los derechos b\u00e1sicos, fueron los temas m\u00e1s relevantes de la entrevista de la que aqu\u00ed se ofrece un breve resumen.<\/p>\n\n\n\n<p>Benjam\u00edn Gonz\u00e1lez es Profesor, Responsable de Cultura Comunitaria en Ciudad de M\u00e9xico; ha sido Gestor Cultural, colaborador del peri\u00f3dico La Jornada, impulsor y fundador de la F\u00e1brica de Artes y Oficios Faro, y dirigi\u00f3 la Red de Faros de la Ciudad de M\u00e9xico, entre otras muchas actividades. Actualmente se desempe\u00f1a como Director de Cultura del Municipio de Ecatepec. <\/p>\n\n\n\n<p>\u00bf<strong>Por qu\u00e9 el hecho de hablar de violencia es tambi\u00e9n hablar de cultura?<\/strong><\/p>\n\n\n\n<p>Yo creo que la cultura es la expresi\u00f3n m\u00e1s alta del proceso de encuentro, de di\u00e1logo, de civilizaci\u00f3n; de alguna manera la cultura es la que nos convierte en seres humanos, nos humaniza, nos hace reflejo de nuestro propio caminar, nos construye como personas, como individuos sociales; por lo tanto cualquier acto contrario a esta vinculaci\u00f3n, a esa convivencia; cualquier acto anti-social que violente nuestra humanidad, pues es un acto anti-cultural, es un acto anti-natura. <\/p>\n\n\n\n<p>Por lo tanto, desde nuestro punto de vista, una manera de combatir cualquier acto de violencia en cualquier sentido, hacia cualquier otro ser humano, pero tambi\u00e9n contra la naturaleza, contra los animales, contra el medioambiente; pues es al final de cuentas la cultura una herramienta que permite tener una perspectiva m\u00e1s amplia del mundo y de la realidad, y combatir la violencia con eficacia. <\/p>\n\n\n\n<p>Tiene que ver con di\u00e1logo, con raz\u00f3n, con perspectiva de futuro, y al final de cuentas con sensibilidad.<\/p>\n\n\n\n<p>\u00bf<strong>Cu\u00e1l crees que es la poblaci\u00f3n m\u00e1s vulnerable frente a esta ola de violencia tan fuerte que hemos visto con Carlos Manzo o las protestas de Generaci\u00f3n Z, y la cultura que se est\u00e1 normalizando en M\u00e9xico del narcotr\u00e1fico, los corridos tumbados? \u00bfCu\u00e1l es la poblaci\u00f3n m\u00e1s vulnerable y qu\u00e9 se podr\u00eda hacer al respecto?<\/strong><\/p>\n\n\n\n<p>Yo creo que en los \u00faltimos treinta a\u00f1os ha habido una disputa muy clara sobre cu\u00e1l es el camino para combatir estas violencias. Y ah\u00ed la izquierda ha sido muy clara y consistente. Implica primero que no se resuelven estas violencias militarizando al pa\u00eds o con m\u00e1s polic\u00edas. <\/p>\n\n\n\n<p>No necesitamos m\u00e1s polic\u00edas, sino que los polic\u00edas sean menos necesarios. Esto quiere decir que la izquierda ha insistido en que la violencia se combate no solo con un acto de fuerza, sino tambi\u00e9n con la posibilidad de acompa\u00f1ar las causas que generan esta violencia, que implica combatir esas causas, y tiene que ver con el acceso a bienes y servicios culturales, a educaci\u00f3n, a salud, y por supuesto, de alguna manera tambi\u00e9n, a la reconquista del espacio p\u00fablico, a tener una serie de servicios del Estado fuertes y de buena calidad, que permitan que la gente se pueda movilizar dentro de la ciudad, disfrutar de los espacios p\u00fablicos, tener tiempo libre, acceder a las universidades; y tambi\u00e9n en la franja m\u00e1s vulnerable combatir la miseria extrema. <\/p>\n\n\n\n<p>Por eso los programas sociales que ha implementado el gobierno en los \u00faltimos treinta a\u00f1os tiene que ver con este primer paso de recuperaci\u00f3n inmediata, que permita que cualquier individuo pueda partir de una base m\u00ednima de soluci\u00f3n, y a partir de ah\u00ed poderse incorporar a una serie de actividades de car\u00e1cter cultural, educativo, recreativo, etc. <\/p>\n\n\n\n<p>Es cierto que los sectores m\u00e1s vulnerables tiene que ver con esto, porque est\u00e1n a expensas del dinero y la violencia del narcotr\u00e1fico y de la corrupci\u00f3n, pero el gobierno de la izquierda y los movimientos sociales han insistido en que la manera m\u00e1s eficaz de combatir la violencia tiene que ver con garantizar derechos o promover derechos humanos, y tener un estado social fortalecido. <\/p>\n\n\n\n<figure class=\"wp-block-image size-large\"><img fetchpriority=\"high\" decoding=\"async\" width=\"1024\" height=\"576\" src=\"https:\/\/xn--tuvozdiasporaespaola-k7b.com\/wp-content\/uploads\/2025\/11\/1000546899-1024x576.jpg\" alt=\"\" class=\"wp-image-11178\" srcset=\"https:\/\/xn--tuvozdiasporaespaola-k7b.com\/wp-content\/uploads\/2025\/11\/1000546899-1024x576.jpg 1024w, https:\/\/xn--tuvozdiasporaespaola-k7b.com\/wp-content\/uploads\/2025\/11\/1000546899-300x169.jpg 300w, https:\/\/xn--tuvozdiasporaespaola-k7b.com\/wp-content\/uploads\/2025\/11\/1000546899-768x432.jpg 768w, https:\/\/xn--tuvozdiasporaespaola-k7b.com\/wp-content\/uploads\/2025\/11\/1000546899-1536x864.jpg 1536w, https:\/\/xn--tuvozdiasporaespaola-k7b.com\/wp-content\/uploads\/2025\/11\/1000546899-2048x1152.jpg 2048w\" sizes=\"(max-width: 1024px) 100vw, 1024px\" \/><figcaption class=\"wp-element-caption\">Benjam\u00edn Gonz\u00e1lez es Profesor, Responsable de Cultura Comunitaria en Ciudad de M\u00e9xico.<\/figcaption><\/figure>\n\n\n\n<p>\u00bf<strong>Hay m\u00e1s acci\u00f3n o m\u00e1s omisi\u00f3n en cuanto a pol\u00edticas p\u00fablicas para el ejercicio de estos derechos en M\u00e9xico?                        <\/strong><\/p>\n\n\n\n<p>Los derechos culturales son una idea que se ha impulsado en los \u00faltimos a\u00f1os en todo el mundo, primero para dejar de manifiesto que el acceso a vivir culturalmente tu vida en tu comunidad, es un derecho. <\/p>\n\n\n\n<p>Pero esto no s\u00f3lo tiene que ser mencionado, sino que tiene que ser traducido en una serie de pol\u00edticas p\u00fablicas para que este derecho pueda ejercerse. En el caso de la Ciudad de M\u00e9xico en los \u00faltimos treinta a\u00f1os e ha tendido una red de espacios comunitarios que pretende, entre otras cosas, poder ejercer estos derechos. <\/p>\n\n\n\n<p>Estas redes se iniciaron hace 28 a\u00f1os con la Red de Faros de la Ciudad de M\u00e9xico, que son f\u00e1bricas de artes y oficios, que son centros perif\u00e9ricos de arte y cultura gratuitos y populares, de cercan\u00eda, que pudieron cumplir el papel de ser el primer piso de acceso a miles de personas que no pod\u00edan acercarse a los grandes centros culturales de la ciudad, y que desde su barrio pod\u00edan ejercer esta participaci\u00f3n cultural. <\/p>\n\n\n\n<p>Posteriormente esa pol\u00edtica creci\u00f3 cuando la izquierda fue tomando mucha m\u00e1s presencia en la ciudad; de ah\u00ed surgen los puntos de innovaci\u00f3n Libertad Arte Educaci\u00f3n y Saberes, que son trescientos espacios; y por \u00faltimo el proyecto insignia de la ciudad, que son la utop\u00edas, que son grandes desarrollos cultura es, deportivos y sociales. Hoy la actual jefa de gobierno plantea construir en los pr\u00f3ximos a\u00f1os unos ochenta nuevos espacios. <\/p>\n\n\n\n<p>Lo que falta es que estos espacios se conviertan en espacios de participaci\u00f3n cultural, que la gente los tome por s\u00ed mismos, que participe de ellos, que los defienda ante cualquier atentado en contra de su colectividad; y de alguna manera desde ah\u00ed construya una narrativa de su propia voz, y que esa voz tenga un eco en la opini\u00f3n publica de cada ciudad. <\/p>\n\n\n\n<p>Esa es la manera en que los perif\u00e9ricos, los que se encuentran en los m\u00e1rgenes de la ciudad y que siempre han sido acallados, y que no han tenido voz ni participaci\u00f3n de las estructuras hegem\u00f3nicas del discurso est\u00e9tico de la ciudad, hoy tengan una voz, y desde esa marginalidad cuenten sus historias, digan lo que tengan que decir; y eso les d\u00e9 una participaci\u00f3n pol\u00edtica, cultural y ciudadana.<\/p>\n\n\n\n<p><\/p>\n","protected":false},"excerpt":{"rendered":"<p>Por Walter C. Medina ENTRVISTA A BENJAM\u00cdN GONZ\u00c1LEZ El bloque \u201cVoces de Latinoam\u00e9rica\u201d del programa radial \u201cCenizas de Babilonia. Di\u00e1spora Espa\u00f1ola\u201d, que conduce Francisco &#8230; <\/p>\n<p class=\"read-more-container\"><a title=\"\u201cLa cultura es la expresi\u00f3n m\u00e1s alta del proceso de encuentro, de di\u00e1logo y de civilizaci\u00f3n\u201d\" class=\"read-more button\" href=\"https:\/\/xn--tuvozdiasporaespaola-k7b.com\/page\/2\/la-cultura-es-la-expresion-mas-alta-del-proceso-de-encuentro-de-dialogo-y-de-civilizacion\/#more-11143\" aria-label=\"M\u00e1s en \u201cLa cultura es la expresi\u00f3n m\u00e1s alta del proceso de encuentro, de di\u00e1logo y de civilizaci\u00f3n\u201d\">Leer m\u00e1s<\/a><\/p>\n","protected":false},"author":222560522,"featured_media":11179,"comment_status":"closed","ping_status":"open","sticky":false,"template":"","format":"standard","meta":{"footnotes":""},"categories":[1771],"tags":[],"class_list":["post-11143","post","type-post","status-publish","format-standard","has-post-thumbnail","hentry","category-sociales","resize-featured-image"],"_links":{"self":[{"href":"https:\/\/xn--tuvozdiasporaespaola-k7b.com\/page\/2\/wp-json\/wp\/v2\/posts\/11143","targetHints":{"allow":["GET"]}}],"collection":[{"href":"https:\/\/xn--tuvozdiasporaespaola-k7b.com\/page\/2\/wp-json\/wp\/v2\/posts"}],"about":[{"href":"https:\/\/xn--tuvozdiasporaespaola-k7b.com\/page\/2\/wp-json\/wp\/v2\/types\/post"}],"author":[{"embeddable":true,"href":"https:\/\/xn--tuvozdiasporaespaola-k7b.com\/page\/2\/wp-json\/wp\/v2\/users\/222560522"}],"replies":[{"embeddable":true,"href":"https:\/\/xn--tuvozdiasporaespaola-k7b.com\/page\/2\/wp-json\/wp\/v2\/comments?post=11143"}],"version-history":[{"count":2,"href":"https:\/\/xn--tuvozdiasporaespaola-k7b.com\/page\/2\/wp-json\/wp\/v2\/posts\/11143\/revisions"}],"predecessor-version":[{"id":11180,"href":"https:\/\/xn--tuvozdiasporaespaola-k7b.com\/page\/2\/wp-json\/wp\/v2\/posts\/11143\/revisions\/11180"}],"wp:featuredmedia":[{"embeddable":true,"href":"https:\/\/xn--tuvozdiasporaespaola-k7b.com\/page\/2\/wp-json\/wp\/v2\/media\/11179"}],"wp:attachment":[{"href":"https:\/\/xn--tuvozdiasporaespaola-k7b.com\/page\/2\/wp-json\/wp\/v2\/media?parent=11143"}],"wp:term":[{"taxonomy":"category","embeddable":true,"href":"https:\/\/xn--tuvozdiasporaespaola-k7b.com\/page\/2\/wp-json\/wp\/v2\/categories?post=11143"},{"taxonomy":"post_tag","embeddable":true,"href":"https:\/\/xn--tuvozdiasporaespaola-k7b.com\/page\/2\/wp-json\/wp\/v2\/tags?post=11143"}],"curies":[{"name":"wp","href":"https:\/\/api.w.org\/{rel}","templated":true}]}}