{"id":1103,"date":"2023-01-31T01:41:49","date_gmt":"2023-01-31T04:41:49","guid":{"rendered":"https:\/\/xn--tuvozdiasporaespaola-k7b.com\/?p=1103"},"modified":"2023-02-01T00:33:05","modified_gmt":"2023-02-01T03:33:05","slug":"diaspora-espanola-realiza-una-encuesta-sobre-elecciones-generales-en-espana-2023","status":"publish","type":"post","link":"https:\/\/xn--tuvozdiasporaespaola-k7b.com\/page\/2\/diaspora-espanola-realiza-una-encuesta-sobre-elecciones-generales-en-espana-2023\/","title":{"rendered":"Di\u00e1spora Espa\u00f1ola realiza una encuesta sobre elecciones generales en Espa\u00f1a  2023"},"content":{"rendered":"\n<p>En estos d\u00edas hasta el d\u00eda 10 de febrero la asociaci\u00f3n civil Di\u00e1spora Espa\u00f1ola con implantaci\u00f3n en Latinoam\u00e9rica y Europa realiza en varios pa\u00edses una encuesta&nbsp; sobre las elecciones generales junto a la Revista TU VOZ, en ella se plantea la siguiente pregunta:<\/p>\n\n\n\n<p><strong>\u00bfEn unas Elecciones Generales en Espa\u00f1a a qu\u00e9 partido pol\u00edtico votar\u00eda desde el Exterior?<\/strong><\/p>\n\n\n\n<p><em>\u00abEncuesta realizada por la Revista TU VOZ, destinada a las y los integrantes de la Di\u00e1spora Espa\u00f1ola inscritos como espa\u00f1oles residentes en el extranjero (CERA) mayores de 18 a\u00f1os. En la Encuesta podr\u00e1s especificar el continente de residencia. Las encuestas finalizan el 10 de febrero.<\/em><\/p>\n\n\n\n<p><em>Si deseas hacer comentarios podr\u00e1s enviar un correo a: r<\/em><em><a href=\"mailto:redaccion.revista.tuvoz@gmail.com\">edaccion.revista.tuvoz@gmail.com<\/a><\/em><\/p>\n\n\n\n<p> <strong>Enlace de participaci\u00f3n:<\/strong><\/p>\n\n\n\n<p><a href=\"https:\/\/www.ferendum.com\/es\/PID1882973PSD106537123\">https:\/\/www.ferendum.com\/es\/PID1882973PSD106537123<\/a><\/p>\n\n\n\n<p>Aparte de poder participar con este enlace se realizar\u00e1n las encuestas f\u00edsicamente en las puertas de los Consulados espa\u00f1oles en ciudades como Buenos Aires y C\u00f3rdoba ( Argentina) M\u00e9xico DF, Quito ( Ecuador), Santo Domingo (Rep\u00fablica Dominicana), Par\u00eds ( Francia), Berl\u00edn ( Alemania), R\u00edo de Janeiro( Brasil), Montevideo(Uruguay), entre otras.<br>Para esta encuesta se contact\u00f3 igualmente con centros de Comunidades espa\u00f1olas en el exterior para hacerla m\u00e1s efectiva y visible.<\/p>\n\n\n\n<p><br \/><\/p>\n\n\n\n<figure class=\"wp-block-image size-large\"><img fetchpriority=\"high\" decoding=\"async\" width=\"1248\" height=\"698\" src=\"http:\/\/xn--tuvozdiasporaespaola-k7b.com\/wp-content\/uploads\/2023\/01\/cookies-partidos-kvfg-1248x69840abc5184169177280154905..jpg?w=1024\" alt=\"\" class=\"wp-image-1102\" srcset=\"https:\/\/xn--tuvozdiasporaespaola-k7b.com\/wp-content\/uploads\/2023\/01\/cookies-partidos-kvfg-1248x69840abc5184169177280154905..jpg 1248w, https:\/\/xn--tuvozdiasporaespaola-k7b.com\/wp-content\/uploads\/2023\/01\/cookies-partidos-kvfg-1248x69840abc5184169177280154905.-300x168.jpg 300w, https:\/\/xn--tuvozdiasporaespaola-k7b.com\/wp-content\/uploads\/2023\/01\/cookies-partidos-kvfg-1248x69840abc5184169177280154905.-1024x573.jpg 1024w, https:\/\/xn--tuvozdiasporaespaola-k7b.com\/wp-content\/uploads\/2023\/01\/cookies-partidos-kvfg-1248x69840abc5184169177280154905.-768x430.jpg 768w\" sizes=\"(max-width: 1248px) 100vw, 1248px\" \/><\/figure>\n\n\n\n<p>En un a\u00f1o electoral intenso en Espa\u00f1a, con elecciones Municipales, Auton\u00f3micas y Generales es importante captar el pensamiento de la Di\u00e1spora Espa\u00f1ola, sus necesidades y sus  propuestas program\u00e1ticas ( recogidas en la acciones  Unitarias de C\u00edrculos de Podemos en el Exterior) ser\u00e1n sin duda junto a  los trabajos territoriales imprescindibles para redirigir acciones y visibilizar las implicaciones de los partidos en el Exterior, donde la presencia de Podemos en el gobierno de Espa\u00f1a y la aprobaci\u00f3n de leyes como la  Ley de Memoria Democr\u00e1tica con la ley de Nacionalidad , derogaci\u00f3n del voto rogado y nueva LOREG  o las movilizaciones en todo el exterior para una mejor atenci\u00f3n en los Consulados y pol\u00edticas activas de retorno y sociales han marcado  el camino hacia el  trabajo constante y fruct\u00edfero de Podemos  junto con los c\u00edrculos y la Di\u00e1spora Espa\u00f1ola.<\/p>\n\n\n\n<figure class=\"wp-block-image size-large\"><img decoding=\"async\" width=\"1080\" height=\"1858\" src=\"http:\/\/xn--tuvozdiasporaespaola-k7b.com\/wp-content\/uploads\/2023\/01\/screenshot_20230131_010840_chrome2409433449884830384.jpg?w=595\" alt=\"\" class=\"wp-image-1101\" srcset=\"https:\/\/xn--tuvozdiasporaespaola-k7b.com\/wp-content\/uploads\/2023\/01\/screenshot_20230131_010840_chrome2409433449884830384.jpg 1080w, https:\/\/xn--tuvozdiasporaespaola-k7b.com\/wp-content\/uploads\/2023\/01\/screenshot_20230131_010840_chrome2409433449884830384-174x300.jpg 174w, https:\/\/xn--tuvozdiasporaespaola-k7b.com\/wp-content\/uploads\/2023\/01\/screenshot_20230131_010840_chrome2409433449884830384-595x1024.jpg 595w, https:\/\/xn--tuvozdiasporaespaola-k7b.com\/wp-content\/uploads\/2023\/01\/screenshot_20230131_010840_chrome2409433449884830384-768x1321.jpg 768w\" sizes=\"(max-width: 1080px) 100vw, 1080px\" \/><\/figure>\n\n\n\n<p> Segun las  ultimas enciestas del CIS, el  PSOE ganar\u00eda las elecciones generales si se celebraran hoy, con 1,7 puntos de ventajas sobre el PP, seg\u00fan el bar\u00f3metro de enero del Centro de Investigaciones Sociol\u00f3gicas (CIS). La encuesta muestra una <strong>bajada generalizada en las expectativas de voto de todos los partidos, salvo para Unidas Podemos, la \u00fanica que crece hasta llegar a una estimaci\u00f3n de apoyos del 14,4%, dos puntos m\u00e1s que en diciembre. <\/strong>Vox vuelve a caer, hasta quedarse en un 10% pelado, mientras M\u00e1s Pa\u00eds pierde cuatro d\u00e9cimas (0,9%). Ciudadanos se mantiene en la l\u00ednea difusa de entrar o no en el Congreso.<\/p>\n\n\n\n<p>Igualmente en  el exterior las \u00faltimas encuestas contrastadas con los resultados de las \u00faltimas elecciones generales del 2019  y autonomicas del 2022  (Andalucia, Madrid y Castilla y Le\u00f3n ). Tambi\u00e9n reflejan una consolidaci\u00f3n de Podemos en la di\u00e1spora espa\u00f1ola, llegando a ser la segunda opci\u00f3n en intenci\u00f3n de voto:<br>PSOE : 29,50%<br><strong>PODEMOS :  22,50% <\/strong><br>PP : 18,00 % <br>VOX : 12,00 %<br>Nacionalistas: 10,00 %<br>Resto :  8,00%<\/p>\n\n\n\n<p>Estas encuestas unidas al incremento de la participaci\u00f3n en las elecciones Auton\u00f3micas y Generales significar\u00e1n un cambio progresista en muchas comunidades aut\u00f3nomas.<\/p>\n\n\n\n<p>Redacci\u00f3n revista TU VOZ delegaci\u00f3n Argentina.<\/p>\n","protected":false},"excerpt":{"rendered":"<p>En estos d\u00edas hasta el d\u00eda 10 de febrero la asociaci\u00f3n civil Di\u00e1spora Espa\u00f1ola con implantaci\u00f3n en Latinoam\u00e9rica y Europa realiza en varios pa\u00edses &#8230; <\/p>\n<p class=\"read-more-container\"><a title=\"Di\u00e1spora Espa\u00f1ola realiza una encuesta sobre elecciones generales en Espa\u00f1a  2023\" class=\"read-more button\" href=\"https:\/\/xn--tuvozdiasporaespaola-k7b.com\/page\/2\/diaspora-espanola-realiza-una-encuesta-sobre-elecciones-generales-en-espana-2023\/#more-1103\" aria-label=\"M\u00e1s en Di\u00e1spora Espa\u00f1ola realiza una encuesta sobre elecciones generales en Espa\u00f1a  2023\">Leer m\u00e1s<\/a><\/p>\n","protected":false},"author":222560522,"featured_media":0,"comment_status":"open","ping_status":"open","sticky":false,"template":"","format":"standard","meta":{"footnotes":""},"categories":[1771],"tags":[],"class_list":["post-1103","post","type-post","status-publish","format-standard","hentry","category-sociales"],"_links":{"self":[{"href":"https:\/\/xn--tuvozdiasporaespaola-k7b.com\/page\/2\/wp-json\/wp\/v2\/posts\/1103","targetHints":{"allow":["GET"]}}],"collection":[{"href":"https:\/\/xn--tuvozdiasporaespaola-k7b.com\/page\/2\/wp-json\/wp\/v2\/posts"}],"about":[{"href":"https:\/\/xn--tuvozdiasporaespaola-k7b.com\/page\/2\/wp-json\/wp\/v2\/types\/post"}],"author":[{"embeddable":true,"href":"https:\/\/xn--tuvozdiasporaespaola-k7b.com\/page\/2\/wp-json\/wp\/v2\/users\/222560522"}],"replies":[{"embeddable":true,"href":"https:\/\/xn--tuvozdiasporaespaola-k7b.com\/page\/2\/wp-json\/wp\/v2\/comments?post=1103"}],"version-history":[{"count":0,"href":"https:\/\/xn--tuvozdiasporaespaola-k7b.com\/page\/2\/wp-json\/wp\/v2\/posts\/1103\/revisions"}],"wp:attachment":[{"href":"https:\/\/xn--tuvozdiasporaespaola-k7b.com\/page\/2\/wp-json\/wp\/v2\/media?parent=1103"}],"wp:term":[{"taxonomy":"category","embeddable":true,"href":"https:\/\/xn--tuvozdiasporaespaola-k7b.com\/page\/2\/wp-json\/wp\/v2\/categories?post=1103"},{"taxonomy":"post_tag","embeddable":true,"href":"https:\/\/xn--tuvozdiasporaespaola-k7b.com\/page\/2\/wp-json\/wp\/v2\/tags?post=1103"}],"curies":[{"name":"wp","href":"https:\/\/api.w.org\/{rel}","templated":true}]}}