{"id":1076,"date":"2023-01-28T20:44:09","date_gmt":"2023-01-28T23:44:09","guid":{"rendered":"https:\/\/xn--tuvozdiasporaespaola-k7b.com\/2023\/01\/28\/deja-vu\/"},"modified":"2023-08-03T14:18:56","modified_gmt":"2023-08-03T17:18:56","slug":"deja-vu","status":"publish","type":"post","link":"https:\/\/xn--tuvozdiasporaespaola-k7b.com\/page\/2\/deja-vu\/","title":{"rendered":"D\u00e9j\u00e0 vu"},"content":{"rendered":"\n<p><a href=\"https:\/\/www.youtube.com\/watch?v=_h0tbtlZx0A\">Y\u00e1&#8217;\u00e1t&#8217;\u00e9\u00e9h<\/a>. As\u00ed es como se saludan las personas hablantes de navajo en la tierra que ahora se conoce como EEUU, donde este domingo 22 de enero se cumplieron 50 a\u00f1os desde la decisi\u00f3n de la Corte Suprema conocida como Roe v. Wade, que proteg\u00eda el derecho al aborto a nivel federal.&nbsp;<\/p>\n\n\n\n<p>Pero, como ya sabr\u00e9is, este derecho fue abolido por la actual Corte Suprema el verano pasado. As\u00ed que ahora, en muchos estados, las personas con \u00fatero (en su inmensa mayor\u00eda mujeres) que est\u00e1n en edad reproductiva y, por tanto, pueden quedarse embarazadas no son libres de tomar decisiones sobre su propio cuerpo, su reproducci\u00f3n o su salud. En esos estados, si un espermatozoide de una persona con test\u00edculos se cuela, de la manera que sea, en dicho \u00fatero y fecunda un \u00f3vulo, la due\u00f1a de estos \u00faltimos est\u00e1 obligada a parir o a cometer un crimen. Y si alguien le ayuda a interrumpir su embarazo, por ejemplo llev\u00e1ndola en coche a una cl\u00ednica o prest\u00e1ndole el dinero que cuesta, tambi\u00e9n est\u00e1 cometiendo un crimen.<\/p>\n\n\n\n<p>A\u00fan es pronto para analizar el impacto de esta decisi\u00f3n en las vidas de las personas embarazadas que, por un motivo u otro, quieren o necesitan abortar. Pero ya est\u00e1n saliendo noticias de ni\u00f1as violadas forzadas a tener hijos que son solo un pu\u00f1ado de a\u00f1os menores que ellas, de mujeres en situaci\u00f3n econ\u00f3mica precaria que no pueden hacerse cargo de una boca m\u00e1s pero tampoco pueden pagarse el viaje a un estado donde abortar sea legal, de personas que casi mueren porque el personal m\u00e9dico que las atiende no quiere llevar a cabo un aborto terap\u00e9utico por temor a que se les acuse de homicidio\u2026&nbsp;<\/p>\n\n\n\n<p>Cualquiera que oiga estas historias de crueldad pensar\u00eda que EEUU est\u00e1 volviendo, qu\u00e9 s\u00e9 yo, al siglo XVIII. Pero se equivocar\u00eda, porque resulta que volver al siglo XVIII en temas de aborto ser\u00eda un gran avance, seg\u00fan un reportaje que o\u00ed hace poco en <a href=\"https:\/\/www.npr.org\/2023\/01\/19\/1149924325\/abortion-was-once-common-practice-in-america-a-small-group-of-doctors-changed-th#:~:text=In%20U.S.%20history%2C%20though%2C%20abortion,set%20out%20to%20change%20that.\">NPR<\/a>, la radio p\u00fablica del pa\u00eds.<\/p>\n\n\n\n<p>Al parecer, en la \u00e9poca colonial de los EEUU, abortar o no era una decisi\u00f3n privada que concern\u00eda exclusivamente a la mujer embarazada y a su matrona, comadrona o partera. Era cosa de mujeres y los hombres no se met\u00edan. No hab\u00eda controversia religiosa, social o pol\u00edtica alguna al respecto. Pero, a mediados del siglo XIX, un joven y fan\u00e1tico doctor de Boston llamado Horatio Storer emprendi\u00f3 una campa\u00f1a a nivel federal contra el aborto enmarcada en un movimiento m\u00e1s amplio en defensa de la supremac\u00eda blanca, que, a entender de sus usuarios, estaba siendo amenazada.&nbsp;<\/p>\n\n\n\n<figure class=\"wp-block-image size-large\"><img fetchpriority=\"high\" decoding=\"async\" width=\"1280\" height=\"960\" src=\"http:\/\/xn--tuvozdiasporaespaola-k7b.com\/wp-content\/uploads\/2023\/01\/img_20230128_203955_4167094486771569633342.jpg?w=1024\" alt=\"\" class=\"wp-image-1074\" srcset=\"https:\/\/xn--tuvozdiasporaespaola-k7b.com\/wp-content\/uploads\/2023\/01\/img_20230128_203955_4167094486771569633342.jpg 1280w, https:\/\/xn--tuvozdiasporaespaola-k7b.com\/wp-content\/uploads\/2023\/01\/img_20230128_203955_4167094486771569633342-300x225.jpg 300w, https:\/\/xn--tuvozdiasporaespaola-k7b.com\/wp-content\/uploads\/2023\/01\/img_20230128_203955_4167094486771569633342-1024x768.jpg 1024w, https:\/\/xn--tuvozdiasporaespaola-k7b.com\/wp-content\/uploads\/2023\/01\/img_20230128_203955_4167094486771569633342-768x576.jpg 768w\" sizes=\"(max-width: 1280px) 100vw, 1280px\" \/><\/figure>\n\n\n\n<p><strong>\u00bfC\u00f3mo? Os cuento.<\/strong><\/p>\n\n\n\n<p>Desde principios del XIX, la tasa de natalidad de la poblaci\u00f3n blanca y protestante (es decir, anglo) estaba experimentando un claro descenso, entre otras cosas porque sus mujeres estaban empezando a aspirar a ocupaciones tradicionalmente masculinas, como la medicina o la pol\u00edtica. Al mismo tiempo, las poblaciones de otras razas y credos estaban creciendo a gran velocidad, tanto por un mayor n\u00famero de nacimientos como por la llegada masiva de inmigrantes desde pa\u00edses asi\u00e1ticos o del sur de Europa. Y por otro lado, el movimiento abolicionista iba ganando fuerza hasta culminar, en 1865, con la aprobaci\u00f3n en el Congreso federal de la 13\u00aa Enmienda, que aboli\u00f3 la esclavitud en todo el pa\u00eds.&nbsp;<\/p>\n\n\n\n<p>Ante este panorama de cambio social y econ\u00f3mico, los hombres blancos protestantes empezaron a temer por la supremac\u00eda que su dios les hab\u00eda dado a ellos porque lo val\u00edan, porque eran los mejores, y a ponerse un poquito hist\u00e9ricos. (Aunque no tengan \u00fatero.) Y no se les ocurri\u00f3 nada mejor que inventar una ciencia falsa, la eugenesia, para justificar las barbaridades que emprendieron para impedir que la poblaci\u00f3n se ennegreciera o enmarronara, o sea, que razas inferiores reemplazaran a la blanca.<\/p>\n\n\n\n<p>En este ambiente de paranoia y odio, Storer se dedic\u00f3 de lleno a lo que \u00e9l consideraba \u201ceducar\u201d a una poblaci\u00f3n ignorante, escribiendo libros, informes y art\u00edculos, y dando charlas a diestro y siniestro. En 1860, envi\u00f3 una carta a los gobernadores de todos los estados, haciendo como que ven\u00eda directamente del presidente de la AMA (Asociaci\u00f3n de M\u00e9dicos de EEUU). En ella, despotricaba en contra de la idea generalizada entonces de que la vida comenzaba cuando la mujer sent\u00eda el movimiento del feto. Por el contrario, ment\u00eda nuestro doctorcito, los profesionales de la medicina est\u00e1n todos de acuerdo en que la vida empieza justo en el momento de la fecundaci\u00f3n, con lo cual las mujeres que abortan voluntariamente y las matronas (esas sucias e inmorales mentecatas que les ayudan) est\u00e1n cometiendo un crimen.<\/p>\n\n\n\n<p>Criminalizar el aborto y vilipendiar a las matronas fue un golpe de genialidad con el que se imped\u00eda que las mujeres blancas tuvieran menos descendencia y m\u00e1s libertad, y de paso tambi\u00e9n se despejaba el campo de la competencia que supon\u00edan las matronas para los hombres blancos y pudientes que empezaban a egresar de las universidades especializados en las nuevas ramas de obstetricia y ginecolog\u00eda.<\/p>\n\n\n\n<p>La campa\u00f1a fue tan exitosa, que para 1880 todos los estados hab\u00edan prohibido el aborto. Por supuesto, la prohibici\u00f3n no acab\u00f3 con el aborto, sino con el aborto legal y seguro durante aproximadamente un siglo. Aunque no hay cifras fiables, por motivos obvios, para 1960 se estima que al a\u00f1o se llevaban a cabo entre 200.000 y 1.200.000 abortos ilegales, que pon\u00edan en peligro sobre todo a las personas en circunstancias m\u00e1s vulnerables: pobres, racializadas, v\u00edctimas de la violencia de g\u00e9nero&#8230;&nbsp;<\/p>\n\n\n\n<p>Esta situaci\u00f3n de crisis fue la que gener\u00f3 el movimiento social que llev\u00f3 a Roe v. Wade. El mismo movimiento que tenemos que volver a generar para que millones de personas con \u00f3vulos vuelvan a tener los mismos derechos m\u00e9dicos, reproductivos y sexuales que las personas con espermatozoides.&nbsp;<\/p>\n\n\n\n<figure class=\"wp-block-image size-large\"><img decoding=\"async\" width=\"612\" height=\"1280\" src=\"http:\/\/xn--tuvozdiasporaespaola-k7b.com\/wp-content\/uploads\/2023\/01\/img_20230128_203947_7646737357891941981260.jpg?w=490\" alt=\"\" class=\"wp-image-1075\" srcset=\"https:\/\/xn--tuvozdiasporaespaola-k7b.com\/wp-content\/uploads\/2023\/01\/img_20230128_203947_7646737357891941981260.jpg 612w, https:\/\/xn--tuvozdiasporaespaola-k7b.com\/wp-content\/uploads\/2023\/01\/img_20230128_203947_7646737357891941981260-143x300.jpg 143w, https:\/\/xn--tuvozdiasporaespaola-k7b.com\/wp-content\/uploads\/2023\/01\/img_20230128_203947_7646737357891941981260-490x1024.jpg 490w\" sizes=\"(max-width: 612px) 100vw, 612px\" \/><figcaption class=\"wp-element-caption\">Celeste Delgado Librero, activista  derechos sociales y feministas en EEUU. <\/figcaption><\/figure>\n\n\n\n<p>No os quiero dejar sin mencionar el dicho ese de las barbas del vecino. Si en vuestros pa\u00edses el aborto es ahora legal, no deis nada por hecho, porque ya estamos viendo que las aberraciones de EEUU tienen el potencial de convertirse en pandemia. De todas formas, tambi\u00e9n quiero daros \u00e1nimo si en vuestros pa\u00edses, como ocurre en Espa\u00f1a, ya se est\u00e1n copiando las instrucciones de uso de la ultraderecha. Porque la derogaci\u00f3n de Roe v. Wade este verano llev\u00f3 a mucha gente a las urnas en las elecciones que siguieron en noviembre, poniendo freno, que no fin, a la carrerilla que hab\u00edan parecido pillar esta panda de hist\u00e9riques.<br><strong>Y ya solo me queda deciros \u201c<\/strong><strong><a href=\"https:\/\/youtu.be\/YTbGCxchFrg?t=72\">Hagoo&#8217;nee<\/a><\/strong><strong>\u201d.<\/strong><\/p>\n\n\n\n<p>Celeste Delgado Librero , Columnista desde programa Cenizas de Babilonia di\u00e1spora espa\u00f1ola en Radio Argentina AM570  y redacci\u00f3n de revista TU VOZ.<\/p>\n","protected":false},"excerpt":{"rendered":"<p>Y\u00e1&#8217;\u00e1t&#8217;\u00e9\u00e9h. As\u00ed es como se saludan las personas hablantes de navajo en la tierra que ahora se conoce como EEUU, donde este domingo 22 &#8230; <\/p>\n<p class=\"read-more-container\"><a title=\"D\u00e9j\u00e0 vu\" class=\"read-more button\" href=\"https:\/\/xn--tuvozdiasporaespaola-k7b.com\/page\/2\/deja-vu\/#more-1076\" aria-label=\"M\u00e1s en D\u00e9j\u00e0 vu\">Leer m\u00e1s<\/a><\/p>\n","protected":false},"author":222560522,"featured_media":0,"comment_status":"open","ping_status":"open","sticky":false,"template":"","format":"standard","meta":{"footnotes":""},"categories":[121858],"tags":[],"class_list":["post-1076","post","type-post","status-publish","format-standard","hentry","category-genero"],"_links":{"self":[{"href":"https:\/\/xn--tuvozdiasporaespaola-k7b.com\/page\/2\/wp-json\/wp\/v2\/posts\/1076","targetHints":{"allow":["GET"]}}],"collection":[{"href":"https:\/\/xn--tuvozdiasporaespaola-k7b.com\/page\/2\/wp-json\/wp\/v2\/posts"}],"about":[{"href":"https:\/\/xn--tuvozdiasporaespaola-k7b.com\/page\/2\/wp-json\/wp\/v2\/types\/post"}],"author":[{"embeddable":true,"href":"https:\/\/xn--tuvozdiasporaespaola-k7b.com\/page\/2\/wp-json\/wp\/v2\/users\/222560522"}],"replies":[{"embeddable":true,"href":"https:\/\/xn--tuvozdiasporaespaola-k7b.com\/page\/2\/wp-json\/wp\/v2\/comments?post=1076"}],"version-history":[{"count":1,"href":"https:\/\/xn--tuvozdiasporaespaola-k7b.com\/page\/2\/wp-json\/wp\/v2\/posts\/1076\/revisions"}],"predecessor-version":[{"id":3505,"href":"https:\/\/xn--tuvozdiasporaespaola-k7b.com\/page\/2\/wp-json\/wp\/v2\/posts\/1076\/revisions\/3505"}],"wp:attachment":[{"href":"https:\/\/xn--tuvozdiasporaespaola-k7b.com\/page\/2\/wp-json\/wp\/v2\/media?parent=1076"}],"wp:term":[{"taxonomy":"category","embeddable":true,"href":"https:\/\/xn--tuvozdiasporaespaola-k7b.com\/page\/2\/wp-json\/wp\/v2\/categories?post=1076"},{"taxonomy":"post_tag","embeddable":true,"href":"https:\/\/xn--tuvozdiasporaespaola-k7b.com\/page\/2\/wp-json\/wp\/v2\/tags?post=1076"}],"curies":[{"name":"wp","href":"https:\/\/api.w.org\/{rel}","templated":true}]}}