{"id":1072,"date":"2023-01-27T13:14:03","date_gmt":"2023-01-27T16:14:03","guid":{"rendered":"https:\/\/xn--tuvozdiasporaespaola-k7b.com\/2023\/01\/27\/convocatoria-abierta-de-los-programas-de-becas-maec-aecid-para-ciudadanos-de-paises-de-america-latina-africa-y-asia-2023-2024\/"},"modified":"2023-01-27T13:14:03","modified_gmt":"2023-01-27T16:14:03","slug":"convocatoria-abierta-de-los-programas-de-becas-maec-aecid-para-ciudadanos-de-paises-de-america-latina-africa-y-asia-2023-2024","status":"publish","type":"post","link":"https:\/\/xn--tuvozdiasporaespaola-k7b.com\/page\/2\/convocatoria-abierta-de-los-programas-de-becas-maec-aecid-para-ciudadanos-de-paises-de-america-latina-africa-y-asia-2023-2024\/","title":{"rendered":"Convocatoria abierta de los programas de Becas MAEC-AECID para ciudadanos de pa\u00edses de Am\u00e9rica Latina, \u00c1frica y Asia 2023-2024"},"content":{"rendered":"\n<p>Desde el pr\u00f3ximo 24 de enero y hasta el 17 de abril se ir\u00e1n abriendo los plazos para presentarse a los diferentes programas de becas que ofrece la AECID (convocatoria 2023-2024) a ciudadanos de pa\u00edses socios de la Cooperaci\u00f3n Espa\u00f1ola para la formaci\u00f3n y aprendizaje en diversas disciplinas acad\u00e9micas y para la investigaci\u00f3n en los que podr\u00e1n participar  espa\u00f1oles en el exterior en esos paises .<br><br><strong>Ciudadanos de pa\u00edses de Am\u00e9rica Latina, \u00c1frica, Oriente Pr\u00f3ximo y Filipinas pueden presentarse a los programas de ayudas ofertados<\/strong>.<br><br>La dotaci\u00f3n presupuestaria de esta convocatoria asciende a 4.682.061 \u20ac a distribuir entre los a\u00f1os 2023, 2024, 2025 y 2026 y se espera conceder unas 250 nuevas becas.<\/p>\n\n\n\n<p>Publicado en el\u00a0<a rel=\"noreferrer noopener\" href=\"\/Users\/malvarezd\/AppData\/Local\/Microsoft\/Windows\/INetCache\/Content.Outlook\/TNB9FGM3\/Becas%20de%20los%20programas%20de%20Becas%20MAEC-AECID%20para%20ciudadanos%20de%20pa%C3%ADses%20de%20Am%C3%A9rica%20Latina,%20%C3%81frica%20y%20Asia%202023-2024\" target=\"_blank\"><strong>Bolet\u00edn Oficial del Estado<\/strong><\/a>\u00a0la convocatoria de becas MAEC-AECID para ciudadanos de pa\u00edses de Am\u00e9rica Latina, \u00c1frica y Asia.<\/p>\n\n\n\n<figure class=\"wp-block-embed is-type-rich is-provider-twitter wp-block-embed-twitter\"><div class=\"wp-block-embed__wrapper\">\n<blockquote class=\"twitter-tweet\" data-width=\"550\" data-dnt=\"true\"><p lang=\"es\" dir=\"ltr\">? Convocatoria abierta de los programas de <a href=\"https:\/\/twitter.com\/hashtag\/Becas?src=hash&amp;ref_src=twsrc%5Etfw\">#Becas<\/a> <a href=\"https:\/\/twitter.com\/MAECgob?ref_src=twsrc%5Etfw\">@MAECgob<\/a> <a href=\"https:\/\/twitter.com\/hashtag\/AECID?src=hash&amp;ref_src=twsrc%5Etfw\">#AECID<\/a> para ciudadanos de pa\u00edses de Am\u00e9rica Latina, \u00c1frica y Asia 2023-2024.<br><br>M\u00e1s informaci\u00f3n sobre solicitudes y plazos: <a href=\"https:\/\/t.co\/ZEoNEp9Sgg\">https:\/\/t.co\/ZEoNEp9Sgg<\/a><a href=\"https:\/\/twitter.com\/hashtag\/BecasQueCambianVidas?src=hash&amp;ref_src=twsrc%5Etfw\">#BecasQueCambianVidas<\/a> <a href=\"https:\/\/twitter.com\/hashtag\/BecasCooperaci%C3%B3nEspa%C3%B1ola?src=hash&amp;ref_src=twsrc%5Etfw\">#BecasCooperaci\u00f3nEspa\u00f1ola<\/a> <a href=\"https:\/\/t.co\/eC3OgR9REo\">pic.twitter.com\/eC3OgR9REo<\/a><\/p>&mdash; AECID (@AECID_es) <a href=\"https:\/\/twitter.com\/AECID_es\/status\/1615279228504756224?ref_src=twsrc%5Etfw\">January 17, 2023<\/a><\/blockquote><script async src=\"https:\/\/platform.twitter.com\/widgets.js\" charset=\"utf-8\"><\/script>\n<\/div><\/figure>\n\n\n\n<p>Con 76 ediciones en su haber, esta convocatoria forma parte de las iniciativas del Ministerio de Asuntos Exteriores, Uni\u00f3n Europea y Cooperaci\u00f3n (MAEUEC) de Espa\u00f1a, a trav\u00e9s de la Agencia Espa\u00f1ola de Cooperaci\u00f3n Internacional para el Desarrollo (AECID), de&nbsp;fomento de la capacitaci\u00f3n de capital humano, fortaleciendo las capacidades individuales de los interesados, as\u00ed como las instituciones de procedencia.<\/p>\n\n\n\n<p>Como <strong>socios de la Cooperaci\u00f3n Espa\u00f1ola \u2013 AECID, <\/strong>en el desarrollo y ejecuci\u00f3n de estas becas destaca<strong>n: la Real Academia Espa\u00f1ola (RAE) y la Asociaci\u00f3n de Academias de la Lengua Espa\u00f1ola (ASALE), la Escuela Superior de M\u00fasica Reina Sof\u00eda (ESMRS) y la Escuela Diplom\u00e1tica \u2014entidad dependiente del MAEUEC\u2014, socios imprescindibles para lograr los objetivos mencionados<\/strong>.\u00a0<\/p>\n\n\n\n<p>La oferta de becas incluida en la presente convocatoria es muy diversa, dado que la misma integra distintos programas con objetivos diferentes, pero todos ellos complementarios y con un objetivo com\u00fan: incentivar la capacitaci\u00f3n en los diferentes \u00e1mbitos laborales y art\u00edsticos de los ciudadanos de los pa\u00edses socios de la Cooperaci\u00f3n Espa\u00f1ola.\u00a0<\/p>\n\n\n\n<figure class=\"wp-block-image size-large\"><img fetchpriority=\"high\" decoding=\"async\" width=\"969\" height=\"476\" src=\"http:\/\/xn--tuvozdiasporaespaola-k7b.com\/wp-content\/uploads\/2023\/01\/screenshot_20230127_125644_chrome8988101393190167132.jpg?w=969\" alt=\"\" class=\"wp-image-1070\" srcset=\"https:\/\/xn--tuvozdiasporaespaola-k7b.com\/wp-content\/uploads\/2023\/01\/screenshot_20230127_125644_chrome8988101393190167132.jpg 969w, https:\/\/xn--tuvozdiasporaespaola-k7b.com\/wp-content\/uploads\/2023\/01\/screenshot_20230127_125644_chrome8988101393190167132-300x147.jpg 300w, https:\/\/xn--tuvozdiasporaespaola-k7b.com\/wp-content\/uploads\/2023\/01\/screenshot_20230127_125644_chrome8988101393190167132-768x377.jpg 768w\" sizes=\"(max-width: 969px) 100vw, 969px\" \/><\/figure>\n\n\n\n<p>La convocatoria incluye, entre otros, el Programa M\u00c1STER, destinado a la formaci\u00f3n de empleados p\u00fablicos de Am\u00e9rica Latina y Filipinas, y el programa \u00c1FRICA-MED para ciudadanos de pa\u00edses del continente africano y de Oriente Pr\u00f3ximo. Las modalidades del Programa \u00c1FRICA-MED a su vez incluyen becas para la realizaci\u00f3n de un M\u00e1ster para empleados p\u00fablicos, becas para la realizaci\u00f3n de un M\u00e1ster relacionado con la ense\u00f1anza del espa\u00f1ol y becas para realizar estancias de investigaci\u00f3n y pr\u00e1cticas formativas en instituciones espa\u00f1olas.<\/p>\n\n\n\n<p><strong>PROGRAMAS BECAS MAEC-AECID  2023\/2024<\/strong>      <br>?<strong>Programa M\u00c1STER:<\/strong> becas para realizar un m\u00e1ster presencial en Espa\u00f1a para empleados p\u00fablicos y personal integrado en los sistemas p\u00fablicos de pa\u00edses de Am\u00e9rica Latina y Filipinas, incluidos en las estrategias bilaterales del vigente Plan Director de la Cooperaci\u00f3n Espa\u00f1ola. <br>Solicitudes: del 24 de enero al 10 de febrero de 2023<br><br>?<strong>Programa \u00c1FRICA-MED:<\/strong> becas para estancias formativas y de investigaci\u00f3n en Espa\u00f1a para ciudadanos de pa\u00edses de \u00c1frica y Oriente Pr\u00f3ximo, incluidos en las estrategias bilaterales del vigente Plan Director de la Cooperaci\u00f3n Espa\u00f1ola o receptores de Ayuda Oficial para el Desarrollo (AOD).<br>Solicitudes: del 24 de enero al 10 de febrero de 2023     <br><br>?<strong>Programa ESCUELA DIPLOM\u00c1TICA<\/strong>: becas para ciudadanos de Am\u00e9rica Latina, \u00c1frica, Oriente Medio y Filipinas, para realizar el M\u00e1ster Interuniversitario en Diplomacia y Relaciones Internacionales de la Escuela Diplom\u00e1tica de Espa\u00f1a.<br>Solicitudes: del 7 de marzo al 22 de marzo de 2023<br><br>?<strong>Programa M\u00daSICA:<\/strong> becas de formaci\u00f3n musical de excelencia para ciudadanos iberoamericanos en la Escuela Superior de M\u00fasica Reina Sof\u00eda de Madrid.<br>Solicitudes: del 17 de abril al 28 de abril de 2023.<br>?<strong>Programa ASALE:<\/strong> becas para la realizaci\u00f3n en Espa\u00f1a del m\u00e1ster en Lexicograf\u00eda Hisp\u00e1nica y Correcci\u00f3n Ling\u00fc\u00edstica y estancias de colaboraci\u00f3n formativas en las sedes de las Academias de la Lengua Espa\u00f1ola asociadas a la Real Academia Espa\u00f1ola (RAE), para ciudadanos de Hispanoam\u00e9rica, Estados Unidos de Am\u00e9rica, Guinea Ecuatorial y Filipinas.<br>Solicitudes: del 7 de marzo al 22 de marzo 2023.<\/p>\n\n\n\n<p><a href=\"https:\/\/www.aecid.gob.es\/es\/Paginas\/DetalleProcedimiento.aspx?idp=466\">https:\/\/www.aecid.gob.es\/es\/Paginas\/DetalleProcedimiento.aspx?idp=466<\/a><\/p>\n\n\n\n<figure class=\"wp-block-image size-large\"><img decoding=\"async\" width=\"852\" height=\"400\" src=\"http:\/\/xn--tuvozdiasporaespaola-k7b.com\/wp-content\/uploads\/2023\/01\/aecid7700475321906965018.jpg?w=852\" alt=\"\" class=\"wp-image-1071\" srcset=\"https:\/\/xn--tuvozdiasporaespaola-k7b.com\/wp-content\/uploads\/2023\/01\/aecid7700475321906965018.jpg 852w, https:\/\/xn--tuvozdiasporaespaola-k7b.com\/wp-content\/uploads\/2023\/01\/aecid7700475321906965018-300x141.jpg 300w, https:\/\/xn--tuvozdiasporaespaola-k7b.com\/wp-content\/uploads\/2023\/01\/aecid7700475321906965018-768x361.jpg 768w\" sizes=\"(max-width: 852px) 100vw, 852px\" \/><\/figure>\n\n\n\n<p><br>Las becas de la Cooperaci\u00f3n Espa\u00f1ola contribuyen con sus programas al enfoque del desarrollo como una pol\u00edtica de Estado que fomenta la transferencia de conocimiento, el aprovechamiento de capacidades y la creaci\u00f3n de oportunidades en el marco de los Objetivos de Desarrollo Sostenible (ODS) de la Agenda 2030, en particular en relaci\u00f3n con las metas 4.b <em><strong>\u00abDe aqu\u00ed a 2020, aumentar considerablemente a nivel mundial el n\u00famero de becas disponibles para los pa\u00edses en desarrollo\u00bb;<\/strong><\/em> 11.4 <em><strong>\u00abRedoblar los esfuerzos para proteger y salvaguardar el patrimonio cultural y natural\u00bb;<\/strong><\/em> y 16 <em><strong>\u00abPaz, justicia e instituciones s\u00f3lidas\u00bb.<\/strong><\/em><\/p>\n\n\n\n<p>Redacci\u00f3n Tevista TU VOZ, delegaci\u00f3n de Argentina<\/p>\n","protected":false},"excerpt":{"rendered":"<p>Desde el pr\u00f3ximo 24 de enero y hasta el 17 de abril se ir\u00e1n abriendo los plazos para presentarse a los diferentes programas de &#8230; <\/p>\n<p class=\"read-more-container\"><a title=\"Convocatoria abierta de los programas de Becas MAEC-AECID para ciudadanos de pa\u00edses de Am\u00e9rica Latina, \u00c1frica y Asia 2023-2024\" class=\"read-more button\" href=\"https:\/\/xn--tuvozdiasporaespaola-k7b.com\/page\/2\/convocatoria-abierta-de-los-programas-de-becas-maec-aecid-para-ciudadanos-de-paises-de-america-latina-africa-y-asia-2023-2024\/#more-1072\" aria-label=\"M\u00e1s en Convocatoria abierta de los programas de Becas MAEC-AECID para ciudadanos de pa\u00edses de Am\u00e9rica Latina, \u00c1frica y Asia 2023-2024\">Leer m\u00e1s<\/a><\/p>\n","protected":false},"author":222560522,"featured_media":0,"comment_status":"open","ping_status":"open","sticky":false,"template":"","format":"standard","meta":{"footnotes":""},"categories":[1771],"tags":[],"class_list":["post-1072","post","type-post","status-publish","format-standard","hentry","category-sociales"],"_links":{"self":[{"href":"https:\/\/xn--tuvozdiasporaespaola-k7b.com\/page\/2\/wp-json\/wp\/v2\/posts\/1072","targetHints":{"allow":["GET"]}}],"collection":[{"href":"https:\/\/xn--tuvozdiasporaespaola-k7b.com\/page\/2\/wp-json\/wp\/v2\/posts"}],"about":[{"href":"https:\/\/xn--tuvozdiasporaespaola-k7b.com\/page\/2\/wp-json\/wp\/v2\/types\/post"}],"author":[{"embeddable":true,"href":"https:\/\/xn--tuvozdiasporaespaola-k7b.com\/page\/2\/wp-json\/wp\/v2\/users\/222560522"}],"replies":[{"embeddable":true,"href":"https:\/\/xn--tuvozdiasporaespaola-k7b.com\/page\/2\/wp-json\/wp\/v2\/comments?post=1072"}],"version-history":[{"count":0,"href":"https:\/\/xn--tuvozdiasporaespaola-k7b.com\/page\/2\/wp-json\/wp\/v2\/posts\/1072\/revisions"}],"wp:attachment":[{"href":"https:\/\/xn--tuvozdiasporaespaola-k7b.com\/page\/2\/wp-json\/wp\/v2\/media?parent=1072"}],"wp:term":[{"taxonomy":"category","embeddable":true,"href":"https:\/\/xn--tuvozdiasporaespaola-k7b.com\/page\/2\/wp-json\/wp\/v2\/categories?post=1072"},{"taxonomy":"post_tag","embeddable":true,"href":"https:\/\/xn--tuvozdiasporaespaola-k7b.com\/page\/2\/wp-json\/wp\/v2\/tags?post=1072"}],"curies":[{"name":"wp","href":"https:\/\/api.w.org\/{rel}","templated":true}]}}