{"id":1069,"date":"2023-01-26T01:04:04","date_gmt":"2023-01-26T04:04:04","guid":{"rendered":"https:\/\/xn--tuvozdiasporaespaola-k7b.com\/2023\/01\/26\/necesitamos-un-sistema-de-proteccion-y-un-estado-de-bienestar\/"},"modified":"2023-02-15T12:10:35","modified_gmt":"2023-02-15T15:10:35","slug":"necesitamos-un-sistema-de-proteccion-y-un-estado-de-bienestar","status":"publish","type":"post","link":"https:\/\/xn--tuvozdiasporaespaola-k7b.com\/page\/2\/necesitamos-un-sistema-de-proteccion-y-un-estado-de-bienestar\/","title":{"rendered":"\u201cNECESITAMOS UN SISTEMA DE PROTECCI\u00d3N Y UN ESTADO DE BIENESTAR"},"content":{"rendered":"\n<p>Durante una entrevista concedida al programa radiof\u00f3nico \u201cCenizas de Babilonia-Di\u00e1spora Espa\u00f1ola\u201d (A.M. 570 Radio Argentina) y hecha por Roberto San Mart\u00edn, Noem\u00ed Santana, candidata por Podemos a la presidencia del Parlamento de la Comunidad Canaria, explic\u00f3 los avances logrados en los cuatro a\u00f1os de legislatura y puntualiz\u00f3 en la necesidad de continuar apuntalando las pol\u00edticas sociales que, tal como se\u00f1al\u00f3 <em><strong>\u201chan logrado mejorar notablemente la situaci\u00f3n de las personas dependientes\u201d.<\/strong><\/em><\/p>\n\n\n\n<figure class=\"wp-block-image size-large\"><img fetchpriority=\"high\" decoding=\"async\" width=\"624\" height=\"385\" src=\"http:\/\/xn--tuvozdiasporaespaola-k7b.com\/wp-content\/uploads\/2023\/01\/noemitres-kztb-624x38540canarias7-ki0c-u180294404554cde-624x38540canarias7577979901113033183..jpg?w=624\" alt=\"\" class=\"wp-image-1068\" srcset=\"https:\/\/xn--tuvozdiasporaespaola-k7b.com\/wp-content\/uploads\/2023\/01\/noemitres-kztb-624x38540canarias7-ki0c-u180294404554cde-624x38540canarias7577979901113033183..jpg 624w, https:\/\/xn--tuvozdiasporaespaola-k7b.com\/wp-content\/uploads\/2023\/01\/noemitres-kztb-624x38540canarias7-ki0c-u180294404554cde-624x38540canarias7577979901113033183.-300x185.jpg 300w\" sizes=\"(max-width: 624px) 100vw, 624px\" \/><figcaption class=\"wp-element-caption\">Noem\u00ed Santana <\/figcaption><\/figure>\n\n\n\n<p>Licenciada en Administraci\u00f3n y Direcci\u00f3n de Empresas, con una larga trayectoria como activista social y ecol\u00f3gica, Noem\u00ed Santana es la actual Consejera de Derechos Sociales, Igualdad, Diversidad y Juventud en el Gobierno Canario. <\/p>\n\n\n\n<p>En el mundo de la pol\u00edtica su aporte es extenso y fruct\u00edfero. \u201c<em>Desde que llegu\u00e9 a la universidad me he implicado muy activamente pol\u00edtica de una o de otra manera. Primero a trav\u00e9s de asociaciones de estudiantes, participando en ligas de debates, movimientos ecologistas, e incluso tuve una experiencia en un partido pol\u00edtico del \u00e1mbito canario que fue mi primera decepci\u00f3n al ver que lo que se predicaba no era la realidad. Era un partido muy vertical, como pocas decisiones que se tomaban de forma asamblearia, y eso me hizo desencantar, hasta que apareci\u00f3 Podemos en 2014 y comenc\u00e9 con el movimiento del manifiesto<strong> \u201cMover Ficha\u201d.<\/strong><\/em> <em>Me sum\u00e9 a eso que al d\u00eda de hoy conocemos como Podemos, del cual form\u00e9 parte desde el principio, desde la primera asamblea ciudadana. Estuve en el primer Consejo Ciudadano Estatal; y en 2015 mis compa\u00f1eros y compa\u00f1eras de canarias me eligieron para ser la candidata del gobierno auton\u00f3mico. Tambi\u00e9n tuve el honor de ser la Secretaria General de Podemos en Canarias, y 2019 volv\u00ed a repetir mi candidatura a la presidencia de Canarias y este vez s\u00ed logramos entrar a gobernar y a comandar la Consejer\u00eda de Derechos Sociales, Igualdad, Diversidad y Juventud. Y en la parte m\u00e1s org\u00e1nica ahora mismo estoy participando, junto a Ione Belarra, en su ejecutiva, en el secretariado estatal; y para el 2023, para poder continuar con el trabajo que estamos haciendo en la Consejer\u00eda, me vuelvo a presentar como candidata de Podemos a las elecciones a la presidencia del Gobierno de Canarias\u201d.<\/em><\/p>\n\n\n\n<figure class=\"wp-block-image size-large\"><img decoding=\"async\" width=\"1024\" height=\"683\" src=\"http:\/\/xn--tuvozdiasporaespaola-k7b.com\/wp-content\/uploads\/2023\/01\/f2abc4b6-53b5-4e68-9c59-e93fd274fba2-1024x6831714183699260770364-1.jpg?w=1024\" alt=\"\" class=\"wp-image-1063\" srcset=\"https:\/\/xn--tuvozdiasporaespaola-k7b.com\/wp-content\/uploads\/2023\/01\/f2abc4b6-53b5-4e68-9c59-e93fd274fba2-1024x6831714183699260770364-1.jpg 1024w, https:\/\/xn--tuvozdiasporaespaola-k7b.com\/wp-content\/uploads\/2023\/01\/f2abc4b6-53b5-4e68-9c59-e93fd274fba2-1024x6831714183699260770364-1-300x200.jpg 300w, https:\/\/xn--tuvozdiasporaespaola-k7b.com\/wp-content\/uploads\/2023\/01\/f2abc4b6-53b5-4e68-9c59-e93fd274fba2-1024x6831714183699260770364-1-768x512.jpg 768w\" sizes=\"(max-width: 1024px) 100vw, 1024px\" \/><\/figure>\n\n\n\n<p><strong>\u00bfCu\u00e1les son los motivos por los que das este salto cualitativo y has decidido presentarte al m\u00e1s alto cargo pol\u00edtico de las islas afortunadas?<\/strong><\/p>\n\n\n\n<p>En primero lugar lo hice en el a\u00f1o 2015, porque cre\u00eda que esta tierra necesitaba un cambio de rumbo. Durante m\u00e1s de veintis\u00e9is a\u00f1os nos hab\u00edan gobernado unos falsos nacionalistas que nos llevaron a liderar todos los rankings negativos del pa\u00eds: Desempleo, pobreza, desigualdad, abandono de la dependencia y de todas las pol\u00edticas sociales. Logramos un gran cambio entrando en el gobierno en 2019, y desalojando por fin a estos falsos nacionalistas, y me vuelvo a presentar para estas elecciones del 2023 porque necesitamos asentar todos los logros y avances que hemos conseguido en esta legislatura; por ejemplo, hemos aprobado una renta canaria de ciudadan\u00eda y hemos tambi\u00e9n logrado mejorar por fin la situaci\u00f3n de las personas dependientes, donde hemos rebajado much\u00edsimo la lista de espera, y hemos multiplicado por cinco los expedientes que se resuelven. Creo que hay que continuar con ese trabajo que hemos iniciado en esta legislatura y garantizar que estos derechos sociales conquistados durante estos cuatro a\u00f1os perduren en el tiempo y se garanticen tal y como debiera ser. Hay cosas que no nos han dado tiempo de terminar. Cuatro a\u00f1os han sido insuficientes y creo que necesitar\u00edamos una legislatura m\u00e1s. Por eso me atrevo a dar el paso adelante, porque creo que est\u00e1 en juego el volver a retroceder, volver a la casilla de partida; y no quiero eso para Canarias. Porque en este momento, m\u00e1s que nunca, lo que necesitamos aqu\u00ed es un sistema de protecci\u00f3n y un estado de bienestar, sobre todo para la gente m\u00e1s vulnerable. Porque Canarias, a pesar de toda la riqueza que genera, sobre todo a trav\u00e9s del turismo, no tiene traducci\u00f3n en la mejora de la vida de la gente. Y durante mucho tiempo se dej\u00f3 a toda esa gente atr\u00e1s. Eran invisibles, y ahora empezamos a notar como revierte esto. Ahora se tiene en cuenta a ese noventa y nueve por ciento de la poblaci\u00f3n que estaba viviendo como much\u00edsimas dificultades.<\/p>\n\n\n\n<figure class=\"wp-block-image size-large\"><img decoding=\"async\" width=\"1198\" height=\"538\" src=\"http:\/\/xn--tuvozdiasporaespaola-k7b.com\/wp-content\/uploads\/2023\/01\/9913dab5-414b-4fc9-868a-9550250cc52c_twitter-watermarked-aspect-ratio_default_01529195722420338914.jpg?w=1024\" alt=\"\" class=\"wp-image-1065\" srcset=\"https:\/\/xn--tuvozdiasporaespaola-k7b.com\/wp-content\/uploads\/2023\/01\/9913dab5-414b-4fc9-868a-9550250cc52c_twitter-watermarked-aspect-ratio_default_01529195722420338914.jpg 1198w, https:\/\/xn--tuvozdiasporaespaola-k7b.com\/wp-content\/uploads\/2023\/01\/9913dab5-414b-4fc9-868a-9550250cc52c_twitter-watermarked-aspect-ratio_default_01529195722420338914-300x135.jpg 300w, https:\/\/xn--tuvozdiasporaespaola-k7b.com\/wp-content\/uploads\/2023\/01\/9913dab5-414b-4fc9-868a-9550250cc52c_twitter-watermarked-aspect-ratio_default_01529195722420338914-1024x460.jpg 1024w, https:\/\/xn--tuvozdiasporaespaola-k7b.com\/wp-content\/uploads\/2023\/01\/9913dab5-414b-4fc9-868a-9550250cc52c_twitter-watermarked-aspect-ratio_default_01529195722420338914-768x345.jpg 768w\" sizes=\"(max-width: 1198px) 100vw, 1198px\" \/><\/figure>\n\n\n\n<p><strong>\u00bfCu\u00e1les son los puntos b\u00e1sicos de tu programa electoral?<\/strong><\/p>\n\n\n\n<p>El punto b\u00e1sico de nuestro programa electoral dir\u00eda que es seguir mejorando y agrandando las pol\u00edticas sociales en Canarias. Creo que tras la consecuci\u00f3n de los mejores datos de la historia en protecci\u00f3n a personas en situaci\u00f3n de vulnerabilidad, con la aprobaci\u00f3n de la renta ciudadan\u00eda, pues a lo que nos disponemos es a consolidar estos avances para que sean sostenibles en el tiempo; que no pueda venir un gobierno conservador y destruir todo lo alcanzado y lo que hemos construido en estos \u00faltimos cuatro a\u00f1os. Para la pr\u00f3xima legislatura adem\u00e1s queremos lograr un acuerdo con el resto de fuerzas progresistas para implantar una ecotasa al turismo, que lo haga m\u00e1s sostenible, pero tambi\u00e9n para que los beneficios de esta actividad econ\u00f3mica tambi\u00e9n revierta no s\u00f3lo en la mejora ambiental y la lucha contra el cambio clim\u00e1tico, sino en la lucha contra la pobreza en nuestro archipi\u00e9lago. Y por tanto, al final, esos beneficios del turismo lleguen a todas y a todos.&nbsp;<\/p>\n\n\n\n<figure class=\"wp-block-image size-large\"><img loading=\"lazy\" decoding=\"async\" width=\"800\" height=\"698\" src=\"http:\/\/xn--tuvozdiasporaespaola-k7b.com\/wp-content\/uploads\/2023\/01\/fnjbinfwiaaeczk3200333003844683034.jpg?w=800\" alt=\"\" class=\"wp-image-1066\" srcset=\"https:\/\/xn--tuvozdiasporaespaola-k7b.com\/wp-content\/uploads\/2023\/01\/fnjbinfwiaaeczk3200333003844683034.jpg 800w, https:\/\/xn--tuvozdiasporaespaola-k7b.com\/wp-content\/uploads\/2023\/01\/fnjbinfwiaaeczk3200333003844683034-300x262.jpg 300w, https:\/\/xn--tuvozdiasporaespaola-k7b.com\/wp-content\/uploads\/2023\/01\/fnjbinfwiaaeczk3200333003844683034-768x670.jpg 768w\" sizes=\"(max-width: 800px) 100vw, 800px\" \/><\/figure>\n\n\n\n<p><strong>Canarias es una comunidad aut\u00f3noma castigada por el paro, con cerca de un dieciocho por ciento a nivel global, siendo el correspondiente a la mujer, superior al veinte por ciento. Y lo que llama m\u00e1s la atenci\u00f3n, un cuarenta y cuatro por ciento de tasa de desempleo en los menores de veinticinco a\u00f1os. \u00bfQu\u00e9 se puede hacer por remitir esta preocupante situaci\u00f3n?<\/strong><\/p>\n\n\n\n<p>Desgraciadamente Canarias hist\u00f3ricamente ha basado su econom\u00eda en modelos de monocultivo: con la vid, la cochinilla, el pl\u00e1tano, los tomates y, a d\u00eda de hoy, apostando por el monocultivo del turismo. Esa dependencia de un solo motor econ\u00f3mico lo que ha hecho es condenarnos, sobre todo en momentos de crisis. Y eso lo vivimos en primera persona en la pandemia con la crisis de la Covid-19. Si no hay turismo evidentemente en Canarias tampoco hay econom\u00eda y todo se para. Por supuesto que todo esto tiene que cambiar y somos muy conscientes de que tiene que haber un necesario cambio en ese modelo por el cual hemos apostado. Y tiene que llegar ya esa anhelada diversificaci\u00f3n de nuestra econom\u00eda para que se garantice la subsistencia y la vida digna de los canarios y las canarias, aunque sea en momentos en los cuales nos vengan mal dadas. Una de las l\u00edneas en la que estamos trabajando especialmente desde la Consejer\u00eda de Derechos Sociales es el apostar por la econom\u00eda de los cuidados. Todos sabemos que por cada mill\u00f3n de Euros que invirtamos en dependencia generamos al menos treinta puestos de trabajo estable, y esto es, para una econom\u00eda como la nuestra, important\u00edsimo. Adem\u00e1s ya todos sabemos el reto demogr\u00e1fico que tenemos por delante. Canarias cada vez m\u00e1s tiene una poblaci\u00f3n envejecida, al igual que el resto de la poblaci\u00f3n europea, y debemos prepararnos para afrontar este futuro que ya tenemos encima. Por lo tanto la puesta que tenemos por el programa <em>Canarias te Cuida<\/em>, ayuda a fomentar esta nueva v\u00eda en la cual creemos que es un futuro de canarios m\u00e1s justo, m\u00e1s igualitario e independiente de los vaivenes del turismo.\u00a0<\/p>\n\n\n\n<p><strong>Tu comunidad tiene un gran n\u00famero de emigrantes en la di\u00e1spora, sumando m\u00e1s de ciento sesenta mil conciudadanos viviendo en el exterior, sobre todo en pa\u00edses como Cuba y Venezuela (cerca del setenta por ciento) \u00bfQu\u00e9 le puede ofrecer Podemos Canarias a esos ciudadanos en cuanto al apoyo diario y en cuanto al retorno?<\/strong><\/p>\n\n\n\n<p>Pues te dir\u00eda que lo m\u00e1s importante es mejorar la vida en Canarias y nuestra capacidad de generar puestos de empleo y que por supuesto que sean de calidad, y no trabajo precario. Para esas personas que quieran volver a Canarias, pues que cuando lo hagan sea en buenas condiciones. Creo que en esta \u00faltima legislatura, con el pacto de progreso lo hemos conseguido. Estamos generando m\u00e1s empleo que nunca. Los datos de empleo que no cambiaban desde hac\u00eda muchos a\u00f1os en Canarias empiezan a cambiar de manera positiva. <\/p>\n\n\n\n<figure class=\"wp-block-image size-large\"><img loading=\"lazy\" decoding=\"async\" width=\"350\" height=\"262\" src=\"http:\/\/xn--tuvozdiasporaespaola-k7b.com\/wp-content\/uploads\/2023\/01\/00celebrhari6989756521962916265.jpg?w=350\" alt=\"\" class=\"wp-image-1067\" srcset=\"https:\/\/xn--tuvozdiasporaespaola-k7b.com\/wp-content\/uploads\/2023\/01\/00celebrhari6989756521962916265.jpg 350w, https:\/\/xn--tuvozdiasporaespaola-k7b.com\/wp-content\/uploads\/2023\/01\/00celebrhari6989756521962916265-300x225.jpg 300w\" sizes=\"(max-width: 350px) 100vw, 350px\" \/><figcaption class=\"wp-element-caption\">Canarios en Cuba <\/figcaption><\/figure>\n\n\n\n<p>Y gracias al amparo del marco legislativo estatal y de la reforma laboral, es un empleo en mejores condiciones. Lo que est\u00e1 claro es que durante los veinte seis a\u00f1os que gobern\u00f3 la Coalici\u00f3n Canaria esta tierra, esto era casi ciencia ficci\u00f3n. Era un imposible. O trabajabas en el turismo, y de forma precaria, o parece que tu \u00fanica alternativa era marcharte de esta tierra. Creo que estamos logrando cambiar esto. Ya se empieza a ver esos signos positivos, aunque queda much\u00edsimo trabajo por hacer y estoy segura que en la pr\u00f3xima legislatura, si tenemos la oportunidad, vamos a ahondar en estas mejoras de las condiciones laborales en Canarias. Adem\u00e1s creo que la aprobaci\u00f3n de nuestra renta de ciudadan\u00eda tambi\u00e9n podr\u00eda ayudar a aquellas personas que quieren volver a tener unos ingresos m\u00ednimos durante un tiempo, hasta que a lo mejor puedan conseguir esa oferta laboral que buscaban o necesitaban, y tener ah\u00ed un sustento en el mientras tanto.<\/p>\n\n\n\n<p>Transcripci\u00f3n efectuada por Walter C. Medina. Redacci\u00f3n de revista TU VOZ. Delegaci\u00f3n de Argentina.<br><\/p>\n","protected":false},"excerpt":{"rendered":"<p>Durante una entrevista concedida al programa radiof\u00f3nico \u201cCenizas de Babilonia-Di\u00e1spora Espa\u00f1ola\u201d (A.M. 570 Radio Argentina) y hecha por Roberto San Mart\u00edn, Noem\u00ed Santana, candidata &#8230; <\/p>\n<p class=\"read-more-container\"><a title=\"\u201cNECESITAMOS UN SISTEMA DE PROTECCI\u00d3N Y UN ESTADO DE BIENESTAR\" class=\"read-more button\" href=\"https:\/\/xn--tuvozdiasporaespaola-k7b.com\/page\/2\/necesitamos-un-sistema-de-proteccion-y-un-estado-de-bienestar\/#more-1069\" aria-label=\"M\u00e1s en \u201cNECESITAMOS UN SISTEMA DE PROTECCI\u00d3N Y UN ESTADO DE BIENESTAR\">Leer m\u00e1s<\/a><\/p>\n","protected":false},"author":222560522,"featured_media":0,"comment_status":"open","ping_status":"open","sticky":false,"template":"","format":"standard","meta":{"footnotes":""},"categories":[1771],"tags":[],"class_list":["post-1069","post","type-post","status-publish","format-standard","hentry","category-sociales"],"_links":{"self":[{"href":"https:\/\/xn--tuvozdiasporaespaola-k7b.com\/page\/2\/wp-json\/wp\/v2\/posts\/1069","targetHints":{"allow":["GET"]}}],"collection":[{"href":"https:\/\/xn--tuvozdiasporaespaola-k7b.com\/page\/2\/wp-json\/wp\/v2\/posts"}],"about":[{"href":"https:\/\/xn--tuvozdiasporaespaola-k7b.com\/page\/2\/wp-json\/wp\/v2\/types\/post"}],"author":[{"embeddable":true,"href":"https:\/\/xn--tuvozdiasporaespaola-k7b.com\/page\/2\/wp-json\/wp\/v2\/users\/222560522"}],"replies":[{"embeddable":true,"href":"https:\/\/xn--tuvozdiasporaespaola-k7b.com\/page\/2\/wp-json\/wp\/v2\/comments?post=1069"}],"version-history":[{"count":0,"href":"https:\/\/xn--tuvozdiasporaespaola-k7b.com\/page\/2\/wp-json\/wp\/v2\/posts\/1069\/revisions"}],"wp:attachment":[{"href":"https:\/\/xn--tuvozdiasporaespaola-k7b.com\/page\/2\/wp-json\/wp\/v2\/media?parent=1069"}],"wp:term":[{"taxonomy":"category","embeddable":true,"href":"https:\/\/xn--tuvozdiasporaespaola-k7b.com\/page\/2\/wp-json\/wp\/v2\/categories?post=1069"},{"taxonomy":"post_tag","embeddable":true,"href":"https:\/\/xn--tuvozdiasporaespaola-k7b.com\/page\/2\/wp-json\/wp\/v2\/tags?post=1069"}],"curies":[{"name":"wp","href":"https:\/\/api.w.org\/{rel}","templated":true}]}}