{"id":1060,"date":"2023-01-24T23:50:35","date_gmt":"2023-01-25T02:50:35","guid":{"rendered":"https:\/\/xn--tuvozdiasporaespaola-k7b.com\/?p=1060"},"modified":"2023-01-24T23:50:43","modified_gmt":"2023-01-25T02:50:43","slug":"el-capitolio-brasileno","status":"publish","type":"post","link":"https:\/\/xn--tuvozdiasporaespaola-k7b.com\/page\/2\/el-capitolio-brasileno\/","title":{"rendered":"EL CAPITOLIO BRASILE\u00d1O"},"content":{"rendered":"\n<p>Durante la campa\u00f1a para las elecciones brasile\u00f1as de octubre de 2022, cuando todas las encuestas daban por cierta la victoria del candidato Luiz In\u00e1cio Lula da Silva, del Partido de los Trabajadores y de las Trabajadoras (PT), el candidato fascista Jair Bolsonaro, en desventaja cada vez mayor, comenz\u00f3 a sembrar dudas, sobre las urnas electr\u00f3nicas y el sistema electoral brasile\u00f1o, elogiado en todo el mundo. \u00c9l mismo, as\u00ed como sus hijos, fueron elegidos para el Legislativo a trav\u00e9s de ese sistema, sin que hubiera el menor cuestionamiento sobre la suavidad del proceso. <\/p>\n\n\n\n<figure class=\"wp-block-image size-large\"><img fetchpriority=\"high\" decoding=\"async\" width=\"1200\" height=\"675\" src=\"http:\/\/xn--tuvozdiasporaespaola-k7b.com\/wp-content\/uploads\/2023\/01\/intento-golpe-estado-brasil-lula-6jpg6835152817737228041.jpg?w=1024\" alt=\"\" class=\"wp-image-1059\" srcset=\"https:\/\/xn--tuvozdiasporaespaola-k7b.com\/wp-content\/uploads\/2023\/01\/intento-golpe-estado-brasil-lula-6jpg6835152817737228041.jpg 1200w, https:\/\/xn--tuvozdiasporaespaola-k7b.com\/wp-content\/uploads\/2023\/01\/intento-golpe-estado-brasil-lula-6jpg6835152817737228041-300x169.jpg 300w, https:\/\/xn--tuvozdiasporaespaola-k7b.com\/wp-content\/uploads\/2023\/01\/intento-golpe-estado-brasil-lula-6jpg6835152817737228041-1024x576.jpg 1024w, https:\/\/xn--tuvozdiasporaespaola-k7b.com\/wp-content\/uploads\/2023\/01\/intento-golpe-estado-brasil-lula-6jpg6835152817737228041-768x432.jpg 768w\" sizes=\"(max-width: 1200px) 100vw, 1200px\" \/><figcaption class=\"wp-element-caption\">Lula denunciando el Golpe de Estado Bolsonarista.<\/figcaption><\/figure>\n\n\n\n<p>Jair Bolsonaro tambi\u00e9n fue elegido para la Presidencia de la Rep\u00fablica en las elecciones de 2018, a trav\u00e9s de ese mismo sistema electoral. Y como gan\u00f3, las urnas no eran sospechosas de fraude electoral. Pero en 2022, cuando comenz\u00f3 a caer en las encuestas, inici\u00f3 una verdadera guerra, primero contra las urnas y luego contra el Tribunal Superior Electoral (TSE). Todo su mandato fue impregnado por desmandos y peleas p\u00fablicas con Ministros del (Tribunal Superior Electoral) TSE y (Supremo Tribunal Federal- la Suprema Corte de Justicia), STF. Para ganar las elecciones ech\u00f3 mano de medios ilegales: presupuesto secreto (para compra de votos),&nbsp;distribuci\u00f3n de cargos con altos salarios, apareamiento del Estado, uso de la m\u00e1quina p\u00fablica en benef\u00edcio propio y a\u00fan as\u00ed, fue rigurosamente derrotado por el candidato de la izquierda Lula da Silva, del Frente Brasil de la Esperanza (frente liderado por PT, PCdoB y PV).&nbsp;<\/p>\n\n\n\n<figure class=\"wp-block-image size-large\"><img decoding=\"async\" width=\"1080\" height=\"532\" src=\"http:\/\/xn--tuvozdiasporaespaola-k7b.com\/wp-content\/uploads\/2023\/01\/screenshot_20230124_231811_telegram8751101090305117961.jpg?w=1024\" alt=\"\" class=\"wp-image-1053\" srcset=\"https:\/\/xn--tuvozdiasporaespaola-k7b.com\/wp-content\/uploads\/2023\/01\/screenshot_20230124_231811_telegram8751101090305117961.jpg 1080w, https:\/\/xn--tuvozdiasporaespaola-k7b.com\/wp-content\/uploads\/2023\/01\/screenshot_20230124_231811_telegram8751101090305117961-300x148.jpg 300w, https:\/\/xn--tuvozdiasporaespaola-k7b.com\/wp-content\/uploads\/2023\/01\/screenshot_20230124_231811_telegram8751101090305117961-1024x504.jpg 1024w, https:\/\/xn--tuvozdiasporaespaola-k7b.com\/wp-content\/uploads\/2023\/01\/screenshot_20230124_231811_telegram8751101090305117961-768x378.jpg 768w\" sizes=\"(max-width: 1080px) 100vw, 1080px\" \/><figcaption class=\"wp-element-caption\">Toma de las instituciones por seguidores de Bolsonaro<\/figcaption><\/figure>\n\n\n\n<p>El 12 de diciembre (2022), d\u00eda de la Diplomaci\u00f3n del Presidente electo, Lula da Silva,<strong><em> \u00abbolsominions\u00bb<\/em><\/strong>, como son conocidos los seguidores de Bolsonaro, instalaron el in\u00edcio del caos, prendiendo fuego a autom\u00f3viles, camiones y autobuses, en la capital federal, Brasilia, con el claro objetivo de interrumpir la ceremonia. S\u00edn embargo, Lula es investido como Presidente Electo de Brasil. <br>Con la p\u00e9rdida de las elecciones, Bolsonaro perdi\u00f3 tambi\u00e9n el foro especial por prerrogativa de funci\u00f3n y, c\u00f3mo acumul\u00f3 muchos cr\u00edmenes, durante los cuatro a\u00f1os de su desastrosa gesti\u00f3n, con pa\u00fara de ser arrestado, viaja a los EEUU, sin participar de la ceremonia de transmisi\u00f3n del cargo.  <\/p>\n\n\n\n<p>Mientras tanto, sus partidarios hicieron manifestaciones callejeras pidiendo <em><strong>\u00ab<\/strong><\/em><strong><em>Intervenci\u00f3n militar y libertad\u00bb(?), en nombre de \u00abDios, Patria y familia\u00bb (el eslogan nazi);<\/em><\/strong> bloquearon carreteras y acamparon frente a cuarteles militares, con la complacencia y hasta la conivencia&nbsp;de Generales de la Activa y apoyo financiero de empresarios de la extrema derecha.&nbsp;&nbsp;<\/p>\n\n\n\n<figure class=\"wp-block-image size-large\"><img decoding=\"async\" width=\"1920\" height=\"1152\" src=\"http:\/\/xn--tuvozdiasporaespaola-k7b.com\/wp-content\/uploads\/2023\/01\/ho7fp7a5ajhwhmv7jk7d2rg2yu4806792419150529214.jpg?w=1024\" alt=\"\" class=\"wp-image-1054\" srcset=\"https:\/\/xn--tuvozdiasporaespaola-k7b.com\/wp-content\/uploads\/2023\/01\/ho7fp7a5ajhwhmv7jk7d2rg2yu4806792419150529214.jpg 1920w, https:\/\/xn--tuvozdiasporaespaola-k7b.com\/wp-content\/uploads\/2023\/01\/ho7fp7a5ajhwhmv7jk7d2rg2yu4806792419150529214-300x180.jpg 300w, https:\/\/xn--tuvozdiasporaespaola-k7b.com\/wp-content\/uploads\/2023\/01\/ho7fp7a5ajhwhmv7jk7d2rg2yu4806792419150529214-1024x614.jpg 1024w, https:\/\/xn--tuvozdiasporaespaola-k7b.com\/wp-content\/uploads\/2023\/01\/ho7fp7a5ajhwhmv7jk7d2rg2yu4806792419150529214-768x461.jpg 768w, https:\/\/xn--tuvozdiasporaespaola-k7b.com\/wp-content\/uploads\/2023\/01\/ho7fp7a5ajhwhmv7jk7d2rg2yu4806792419150529214-1568x941.jpg 1568w\" sizes=\"(max-width: 1920px) 100vw, 1920px\" \/><figcaption class=\"wp-element-caption\">Seguidores de Bolsonaro piden golpe de Estado del ej\u00e9rcito.<\/figcaption><\/figure>\n\n\n\n<p>Ocho d\u00edas despu\u00e9s de la toma de posesi\u00f3n de Lula, el domingo, 08 de enero, temprano en la tarde, <strong>llegan a Brasilia 100 autobuses, llenos de \u00abbolsominions\u00bb; se calcula que hab\u00eda cerca de 4 mil \u00abmanifestantes\u00bb que tomaron, con facilidad la Plaza de los Tres Poderes y ocuparon las sedes de los Tres Poderes de la Rep\u00fablica: El Congreso Nacional, El Palacio del Planalto (sede de la Presidencia de la Rep\u00fablica) y a\u00fan, el Supremo Tribunal Federal (STF- sede de la Suprema Corte del Poder Judicial). Los v\u00e1ndalos usavan armas de fuego y granadas<\/strong>,  saquearon todo: vidrios, muebles, objetos de arte del siglo XVII, como um reloj de Balthazar Martinot, pantallas de renombrados artistas brasile\u00f1os, como Di Cavalcanti, nada escap\u00f3 de la acci\u00f3n de los furiosos, lo que configura crimen contra el Patrimonio P\u00fablico. La policia era insuficiente y parecia no actuar a prop\u00f3sito.<\/p>\n\n\n\n<p>En esa situaci\u00f3n, el Ministro de Defensa, M\u00facio Monteiro, pide al Presidente Lula que firme una GLO (Garant\u00eda de la Ley y del Orden), documento que autorizaba la intervenci\u00f3n del Ej\u00e9rcito para normalizar la situaci\u00f3n.&nbsp;<\/p>\n\n\n\n<p>Era exactamente lo que quer\u00edan los militares para <strong>dar in\u00edcio a un golpe de Estado<\/strong>.&nbsp;<\/p>\n\n\n\n<p>Evidentemente, Lula no firm\u00f3 el documento; mientras tanto, el Ministro Alexandre de Moraes (del STF) alej\u00f3 por 90 d\u00edas al Gobernador del Distrito Federal (Brasilia), Ibaneis Rocha, por entender que hubo falla grave en la seguridad de la capital federal. Y como el Secretario de Seguridad P\u00fablica, Anderson Torres, hab\u00eda viajado de vacaciones a Miami, donde tambi\u00e9n se encuentra Bolsonaro, el Ministro de Justicia y Seguridad P\u00fablica, del Gobierno Lula, Fl\u00e1vio Dino, actu\u00f3 r\u00e1pido y nombr\u00f3 un interventor en la Seguridad P\u00fablica del Distrito Federal, Ricardo Cappelli que, en poco tiempo, restableci\u00f3 el orden.<\/p>\n\n\n\n<figure class=\"wp-block-image size-large\"><img loading=\"lazy\" decoding=\"async\" width=\"1024\" height=\"579\" src=\"http:\/\/xn--tuvozdiasporaespaola-k7b.com\/wp-content\/uploads\/2023\/01\/whatsapp-image-2021-08-03-at-206777965647756316226.jpeg?w=1024\" alt=\"\" class=\"wp-image-1055\" srcset=\"https:\/\/xn--tuvozdiasporaespaola-k7b.com\/wp-content\/uploads\/2023\/01\/whatsapp-image-2021-08-03-at-206777965647756316226.jpeg 1024w, https:\/\/xn--tuvozdiasporaespaola-k7b.com\/wp-content\/uploads\/2023\/01\/whatsapp-image-2021-08-03-at-206777965647756316226-300x170.jpeg 300w, https:\/\/xn--tuvozdiasporaespaola-k7b.com\/wp-content\/uploads\/2023\/01\/whatsapp-image-2021-08-03-at-206777965647756316226-768x434.jpeg 768w\" sizes=\"(max-width: 1024px) 100vw, 1024px\" \/><figcaption class=\"wp-element-caption\">Bolsonaro y su confraternizacion con los militares.<\/figcaption><\/figure>\n\n\n\n<p>M\u00e1s de 1.500 personas fueron detenidas en flagrate y bienes fueron bloqueados para resarcimiento del patrimonio saqueado durante la acci\u00f3n de los v\u00e1ndalos.<br \/>La situaci\u00f3n del Secretario de Seguridad P\u00fablica, Anderson Torres se complic\u00f3 cuando, en una operaci\u00f3n de b\u00fasqueda e incautaci\u00f3n de la Polic\u00eda Federal en su casa fue encontrada el borrador de un documento que institu\u00eda la intervenci\u00f3n del Gobierno Federal de Jair Bolsonaro, de quien Torres hab\u00eda sido Ministro de Justicia, cuyo contenido dar\u00eda al Gobierno Federal la prerrogativa de intervenir en el Tribunal Superior Electoral (TSE) para alterar el resultado de las elecciones de octubre que dio la victoria a Lula da Silva, y que inclu\u00eda la violaci\u00f3n del secreto de los Ministros del TSE, lo que significa espionaje. <\/p>\n\n\n\n<p><strong>\u00a1Era el golpe concretado! <\/strong><\/p>\n\n\n\n<figure class=\"wp-block-image size-large\"><img loading=\"lazy\" decoding=\"async\" width=\"962\" height=\"558\" src=\"http:\/\/xn--tuvozdiasporaespaola-k7b.com\/wp-content\/uploads\/2023\/01\/20230111114459269332520864727816820441.jpg?w=962\" alt=\"\" class=\"wp-image-1057\" srcset=\"https:\/\/xn--tuvozdiasporaespaola-k7b.com\/wp-content\/uploads\/2023\/01\/20230111114459269332520864727816820441.jpg 962w, https:\/\/xn--tuvozdiasporaespaola-k7b.com\/wp-content\/uploads\/2023\/01\/20230111114459269332520864727816820441-300x174.jpg 300w, https:\/\/xn--tuvozdiasporaespaola-k7b.com\/wp-content\/uploads\/2023\/01\/20230111114459269332520864727816820441-768x445.jpg 768w\" sizes=\"(max-width: 962px) 100vw, 962px\" \/><figcaption class=\"wp-element-caption\">Anderson Torres cerebro del Golpe de Estado exministro de Bolsonaro, Detenido.<\/figcaption><\/figure>\n\n\n\n<p>Anderson Torres, que es Comisario de la Polic\u00eda Federal, volvi\u00f3 de Miami con prisi\u00f3n decretada y se encuentra encarcelado en la capital federal.<\/p>\n\n\n\n<p>En su primera declaraci\u00f3n opt\u00f3 por quedarse callado y dijo que \u00ab<em><strong>olvid\u00f3<\/strong><\/em>\u00bb su&nbsp; m\u00f3vil en Estados Unidos.<\/p>\n\n\n\n<p>El mundo conden\u00f3 la invasi\u00f3n y el saqueo de los Poderes de la Rep\u00fablica en Brasilia. A iniciativa de la eurodiputada alemana Anna Cavazzini, el pasado 19 de enero el Pleno del Parlamento Europeo aprob\u00f3 una resoluci\u00f3n que condena los ataques de los bolsonaristas en Brasilia por amplia mayor\u00eda (319 votos) y piden <em><strong>\u00abinvestigaci\u00f3n r\u00e1pida, imparcial, adecuada y eficaz para identificar, procesar y responsabilizar a todos los involucrados en la violencia del 8 de enero, que incluyan a ejecutores, instigadores, organizadores y financiadores de la acci\u00f3n criminal\u00bb.<\/strong><\/em><\/p>\n\n\n\n<figure class=\"wp-block-image size-large\"><img loading=\"lazy\" decoding=\"async\" width=\"700\" height=\"394\" src=\"http:\/\/xn--tuvozdiasporaespaola-k7b.com\/wp-content\/uploads\/2023\/01\/64333728_3032400396370529364053.jpg?w=700\" alt=\"\" class=\"wp-image-1058\" srcset=\"https:\/\/xn--tuvozdiasporaespaola-k7b.com\/wp-content\/uploads\/2023\/01\/64333728_3032400396370529364053.jpg 700w, https:\/\/xn--tuvozdiasporaespaola-k7b.com\/wp-content\/uploads\/2023\/01\/64333728_3032400396370529364053-300x169.jpg 300w\" sizes=\"(max-width: 700px) 100vw, 700px\" \/><figcaption class=\"wp-element-caption\">Manifestaci\u00f3n en defensa de la Democracia en Brasil.<\/figcaption><\/figure>\n\n\n\n<p>El texto, propuesto por los eurodiputados de los grupos The Left, Verts\/ALE, Renew, ECR y S&amp;D, todav\u00eda expresa \u00ab<strong><em>solidaridad con el presidente elegido democr\u00e1ticamente Lula da Silva, su gobierno e instituciones brasile\u00f1as\u00bb<\/em><\/strong> y <em><strong>\u00abcondena en los t\u00e9rminos m\u00e1s vehementes las acciones criminales perpetradas por partidarios del expresidente Bolsonaro\u00bb.\u00a0<\/strong><\/em><\/p>\n\n\n\n<figure class=\"wp-block-embed is-type-rich is-provider-twitter wp-block-embed-twitter\"><div class=\"wp-block-embed__wrapper\">\n<blockquote class=\"twitter-tweet\" data-width=\"550\" data-dnt=\"true\"><p lang=\"es\" dir=\"ltr\">??Hoy nos unimos a la concentraci\u00f3n del grupo de la izquierda en el Parlamento Europeo <a href=\"https:\/\/twitter.com\/Left_EU?ref_src=twsrc%5Etfw\">@Left_EU<\/a> en apoyo a Lula y la democracia brasile\u00f1a ante los ataques de la extrema derecha golpista.<br><br>O Golpismo se derrota nas ruas ? <a href=\"https:\/\/twitter.com\/LulaOficial?ref_src=twsrc%5Etfw\">@LulaOficial<\/a> <a href=\"https:\/\/twitter.com\/hashtag\/Brasil?src=hash&amp;ref_src=twsrc%5Etfw\">#Brasil<\/a> <a href=\"https:\/\/t.co\/tLGsqxe4Qg\">pic.twitter.com\/tLGsqxe4Qg<\/a><\/p>&mdash; Podemos en Europa (@EuroPodemos) <a href=\"https:\/\/twitter.com\/EuroPodemos\/status\/1612802393095434242?ref_src=twsrc%5Etfw\">January 10, 2023<\/a><\/blockquote><script async src=\"https:\/\/platform.twitter.com\/widgets.js\" charset=\"utf-8\"><\/script>\n<\/div><\/figure>\n\n\n\n<p>Las investigaciones siguen, s\u00edn dudas de que hay agentes p\u00fablicos involucrados en la acci\u00f3n criminal.<\/p>\n\n\n\n<p>Lola Laborda<\/p>\n\n\n\n<p>Podemos Brasil<\/p>\n\n\n\n<p>Para la Revista Tu Voz<\/p>\n","protected":false},"excerpt":{"rendered":"<p>Durante la campa\u00f1a para las elecciones brasile\u00f1as de octubre de 2022, cuando todas las encuestas daban por cierta la victoria del candidato Luiz In\u00e1cio &#8230; <\/p>\n<p class=\"read-more-container\"><a title=\"EL CAPITOLIO BRASILE\u00d1O\" class=\"read-more button\" href=\"https:\/\/xn--tuvozdiasporaespaola-k7b.com\/page\/2\/el-capitolio-brasileno\/#more-1060\" aria-label=\"M\u00e1s en EL CAPITOLIO BRASILE\u00d1O\">Leer m\u00e1s<\/a><\/p>\n","protected":false},"author":222560522,"featured_media":0,"comment_status":"open","ping_status":"open","sticky":false,"template":"","format":"standard","meta":{"footnotes":""},"categories":[1771],"tags":[],"class_list":["post-1060","post","type-post","status-publish","format-standard","hentry","category-sociales"],"_links":{"self":[{"href":"https:\/\/xn--tuvozdiasporaespaola-k7b.com\/page\/2\/wp-json\/wp\/v2\/posts\/1060","targetHints":{"allow":["GET"]}}],"collection":[{"href":"https:\/\/xn--tuvozdiasporaespaola-k7b.com\/page\/2\/wp-json\/wp\/v2\/posts"}],"about":[{"href":"https:\/\/xn--tuvozdiasporaespaola-k7b.com\/page\/2\/wp-json\/wp\/v2\/types\/post"}],"author":[{"embeddable":true,"href":"https:\/\/xn--tuvozdiasporaespaola-k7b.com\/page\/2\/wp-json\/wp\/v2\/users\/222560522"}],"replies":[{"embeddable":true,"href":"https:\/\/xn--tuvozdiasporaespaola-k7b.com\/page\/2\/wp-json\/wp\/v2\/comments?post=1060"}],"version-history":[{"count":0,"href":"https:\/\/xn--tuvozdiasporaespaola-k7b.com\/page\/2\/wp-json\/wp\/v2\/posts\/1060\/revisions"}],"wp:attachment":[{"href":"https:\/\/xn--tuvozdiasporaespaola-k7b.com\/page\/2\/wp-json\/wp\/v2\/media?parent=1060"}],"wp:term":[{"taxonomy":"category","embeddable":true,"href":"https:\/\/xn--tuvozdiasporaespaola-k7b.com\/page\/2\/wp-json\/wp\/v2\/categories?post=1060"},{"taxonomy":"post_tag","embeddable":true,"href":"https:\/\/xn--tuvozdiasporaespaola-k7b.com\/page\/2\/wp-json\/wp\/v2\/tags?post=1060"}],"curies":[{"name":"wp","href":"https:\/\/api.w.org\/{rel}","templated":true}]}}