{"id":1045,"date":"2023-01-23T22:05:41","date_gmt":"2023-01-24T01:05:41","guid":{"rendered":"https:\/\/xn--tuvozdiasporaespaola-k7b.com\/?p=1045"},"modified":"2023-02-17T07:43:15","modified_gmt":"2023-02-17T10:43:15","slug":"en-la-via-sin-rumbo-desesperao-cre-de-buenos-aires","status":"publish","type":"post","link":"https:\/\/xn--tuvozdiasporaespaola-k7b.com\/page\/2\/en-la-via-sin-rumbo-desesperao-cre-de-buenos-aires\/","title":{"rendered":"\u00a1En la v\u00eda, sin rumbo, desesperao! (CREE de Buenos Aires)"},"content":{"rendered":"\n<p>As\u00ed se encuentra la presidencia del CREE Buenos Aires: no acierta una. En un comunicado reciente expresa que elev\u00f3 al Consejo General de la Ciudadan\u00eda una propuesta para incremento de personal por las nuevas nacionalidades. Lo primero que deber\u00edan aclarar es c\u00f3mo lo hicieron y c\u00f3mo lo elevaron: porque los dem\u00e1s CREE de la Argentina (Rosario, C\u00f3rdoba, Mendoza y Bah\u00eda Blanca) le dieron la espalda a la presidencia del CREE Buenos Aires: no la votaron para que fuera miembro titular del Consejo General de la Ciudadan\u00eda. <strong>\u00bfEntonces, por qui\u00e9n y c\u00f3mo eleva la propuesta a dicho Consejo?<\/strong> Cuando se preside una instituci\u00f3n, no decir toda la verdad es mentir. \u00bfC\u00f3mo resolvi\u00f3 el comunicado la presidencia del CREE? \u00bfCon qui\u00e9n lo debati\u00f3?: con la presidencia del CREE. He aqu\u00ed la concepci\u00f3n de democracia interna de la presidencia del CREE.<br>Todos los consulados tendr\u00e1n nuevo personal para la atenci\u00f3n de la doble ciudadan\u00eda. Pero lo que la presidencia del CREE Buenos Aires no dice, nuevamente, es que las mismas no son de libre contrataci\u00f3n: legalmente se debe realizar un proceso de convocatoria, publicaci\u00f3n, concurso de antecedentes profesionales y acad\u00e9micos y capacitar a dichos recursos. Y eso lleva tiempo.<\/p>\n\n\n\n<figure class=\"wp-block-image size-large\"><img fetchpriority=\"high\" decoding=\"async\" width=\"1024\" height=\"678\" src=\"http:\/\/xn--tuvozdiasporaespaola-k7b.com\/wp-content\/uploads\/2023\/01\/102279-1024x6785970753165967364165-1.jpg?w=1024\" alt=\"\" class=\"wp-image-1043\" srcset=\"https:\/\/xn--tuvozdiasporaespaola-k7b.com\/wp-content\/uploads\/2023\/01\/102279-1024x6785970753165967364165-1.jpg 1024w, https:\/\/xn--tuvozdiasporaespaola-k7b.com\/wp-content\/uploads\/2023\/01\/102279-1024x6785970753165967364165-1-300x199.jpg 300w, https:\/\/xn--tuvozdiasporaespaola-k7b.com\/wp-content\/uploads\/2023\/01\/102279-1024x6785970753165967364165-1-768x509.jpg 768w\" sizes=\"(max-width: 1024px) 100vw, 1024px\" \/><figcaption class=\"wp-element-caption\">Susana Carbia y el secretario del CREE de Buenos Aires ,  que difundieron un comunicado argumentando consensuado por todos, cuando ni lo compartieron ni consensuaron con nadie.<\/figcaption><\/figure>\n\n\n\n<p>Es muy extra\u00f1o que la preocupaci\u00f3n de la presidencia del CREE sea el tiempo: <strong>durante dos mandatos del partido al que pertenece (\u00a1DOS MANDATOS!) \u00bfQu\u00e9 hicieron?: NADA. Ni se acordaron de l@s descendientes. \u00bfQu\u00e9 propuestas hubo de su partido en ese tiempo? NINGUNA. El jefe del Partido Popular, el Sr. Feij\u00f3o, expres\u00f3 p\u00fablicamente que de ganar las elecciones presidenciales de 2023 derogar\u00eda la norma<\/strong>. Entonces <strong>\u00bfcon qu\u00e9 autoridad se arroga la representaci\u00f3n y defensa de los derechos de los espa\u00f1oles la presidencia del CREE de Buenos Aires?<\/strong> <strong>\u00bfPor qu\u00e9 no explica el  por qu\u00e9 su partido la vot\u00f3 en contra y promete derogarla?<\/strong> Las medidas cautelares judiciales que est\u00e1 interponiendo su partido y otros de la derecha para suspender la Ley de Memoria Democr\u00e1tica (y la nacionalidad) son una prueba m\u00e1s de esta escenificaci\u00f3n e hipocres\u00eda de la presidencia del CREE de Buenos Aires. Pero eso no es todo: cuando tiene que asesorar sobre el tema de la Ley de Memoria Democr\u00e1tica lo hace mal tal como nos figura en capturas de pantalla que nos han enviado descendientes interesados en acceder a la doble ciudadan\u00eda y que podemos poner a disposici\u00f3n de cualquier medio de prensa que lo solicite.<\/p>\n\n\n\n<p>https:\/\/www.laregioninternacional.com\/articulo\/en-el-mundo\/psoe-buenos-aires-aclara-recuerda-asesoramiento-gratuito-acceso-nacionalidad\/20221229112326277925.html<\/p>\n\n\n\n<p><br>Entonces <strong>\u00bfcu\u00e1l es el apuro de la presidenta del CREE y su partido?: <\/strong>la desesperaci\u00f3n. Desesperaci\u00f3n porque ya est\u00e1 en modalidad electoralista: mientras que el \u00abFrente Progresista Las 13 rosas\u201d y los miembros de CeDeu asesoran a toda la Argentina tres veces por semana en el local cedido por el PSOE y  recorren la Argentina; mientras que <strong>los diferentes colectivos que conforman el \u00abFrente Progresista Las 13 rosas\u201d asesoran sobre nacionalidad y derechos sociales, se re\u00fanen con los c\u00f3nsules para que la informaci\u00f3n sea precisa<\/strong> y se allanen obst\u00e1culos a la descendencia,<strong> \u00bfqu\u00e9 hace la presidencia del CREE?, \u00bfcu\u00e1ndo asesora?<\/strong> <strong>Una hora, una vez por semana.<\/strong> M\u00e1s que una \u201c<em>representaci\u00f3n y defensa de los derechos d<strong>e <\/strong>los espa\u00f1oles<\/em>\u201d<strong> es una tomadura de pelo.<\/strong> De all\u00ed que cada derecho adquirido sea criticado por la presidencia del CREE y su mayor\u00eda autom\u00e1tica y difame los mismos.<br>Desde el \u00abFrente Progresista Las 13 rosas\u201d continuaremos asesorando tal como se difundi\u00f3 p\u00fablicamente: en forma gratuita, luego de nuestro trabajo: los martes a l@s descendientes del interior del pa\u00eds en forma virtual y mi\u00e9rcoles y jueves en forma presencial para l@s descendientes que habiten en el AMBA.<\/p>\n\n\n\n<p>https:\/\/www.laregioninternacional.com\/articulo\/cgcee\/director-general-espanoles-exterior-contesta-podemos-argentina-provincias\/20221219121819277787.html<\/p>\n\n\n\n<figure class=\"wp-block-image size-large\"><img decoding=\"async\" width=\"2880\" height=\"2880\" src=\"http:\/\/xn--tuvozdiasporaespaola-k7b.com\/wp-content\/uploads\/2023\/01\/20230123_2205085068890465824508935.jpg?w=1024\" alt=\"\" class=\"wp-image-1049\" srcset=\"https:\/\/xn--tuvozdiasporaespaola-k7b.com\/wp-content\/uploads\/2023\/01\/20230123_2205085068890465824508935.jpg 2880w, https:\/\/xn--tuvozdiasporaespaola-k7b.com\/wp-content\/uploads\/2023\/01\/20230123_2205085068890465824508935-300x300.jpg 300w, https:\/\/xn--tuvozdiasporaespaola-k7b.com\/wp-content\/uploads\/2023\/01\/20230123_2205085068890465824508935-1024x1024.jpg 1024w, https:\/\/xn--tuvozdiasporaespaola-k7b.com\/wp-content\/uploads\/2023\/01\/20230123_2205085068890465824508935-150x150.jpg 150w, https:\/\/xn--tuvozdiasporaespaola-k7b.com\/wp-content\/uploads\/2023\/01\/20230123_2205085068890465824508935-768x768.jpg 768w, https:\/\/xn--tuvozdiasporaespaola-k7b.com\/wp-content\/uploads\/2023\/01\/20230123_2205085068890465824508935-1568x1568.jpg 1568w\" sizes=\"(max-width: 2880px) 100vw, 2880px\" \/><\/figure>\n\n\n\n<p>La presidencia del CREE desespera ante cada propuesta de l@s consejer@s del \u00abFrente Progresista Las 13 rosas\u201d:  primero, quieren votar para decidir si votan las propuestas (\u00bf?); luego votan en contra una  solicitud de informes al Consulado sobre l@s desaparecid@s espa\u00f1oles durante la \u00faltima  <br>dictadura militar argentina (\u201ceso no es un tema del CREE\u201d alegan sobre la desaparici\u00f3n de m\u00e1s de  900 espa\u00f1oles\/as en la Argentina); votan en contra de la Ley de Memoria Democr\u00e1tica para que  se saque de las instituciones espa\u00f1oles la simbolog\u00eda de la dictadura franquista, pero quieren  <br>que se aplique la parte de la Ley de Memoria Democr\u00e1tica (que no votaron) en los tiempos que  ellos quieren y como ellos quieren. Ese desmanejo, esa falta de criterio institucional, esa manera  de interpretar partes de una ley y no la Ley de Memoria Democr\u00e1tica entera, en el mejor de los  casos es ignorancia y capricho; en el peor es autoritarismo.<\/p>\n\n\n\n<p>https:\/\/www.laregioninternacional.com\/articulo\/cgcee\/argentina-ce-deu-continua-charlas-informativas-ayudar-ley-memoria-democratica\/20221209120922277631.html<\/p>\n\n\n\n<figure class=\"wp-block-image size-large\"><img decoding=\"async\" width=\"1600\" height=\"1200\" src=\"http:\/\/xn--tuvozdiasporaespaola-k7b.com\/wp-content\/uploads\/2023\/01\/img-20221115-wa01234787752571819436539.jpg?w=1024\" alt=\"\" class=\"wp-image-1047\" srcset=\"https:\/\/xn--tuvozdiasporaespaola-k7b.com\/wp-content\/uploads\/2023\/01\/img-20221115-wa01234787752571819436539.jpg 1600w, https:\/\/xn--tuvozdiasporaespaola-k7b.com\/wp-content\/uploads\/2023\/01\/img-20221115-wa01234787752571819436539-300x225.jpg 300w, https:\/\/xn--tuvozdiasporaespaola-k7b.com\/wp-content\/uploads\/2023\/01\/img-20221115-wa01234787752571819436539-1024x768.jpg 1024w, https:\/\/xn--tuvozdiasporaespaola-k7b.com\/wp-content\/uploads\/2023\/01\/img-20221115-wa01234787752571819436539-768x576.jpg 768w, https:\/\/xn--tuvozdiasporaespaola-k7b.com\/wp-content\/uploads\/2023\/01\/img-20221115-wa01234787752571819436539-1568x1176.jpg 1568w\" sizes=\"(max-width: 1600px) 100vw, 1600px\" \/><figcaption class=\"wp-element-caption\">Charla Informativa sobre Ley de Memoria Democr\u00e1tica con la ausencia del CREE de Buenos Aires <\/figcaption><\/figure>\n\n\n\n<p>Aconsejamos serenidad a la presidencia del CREE. Y sobre todo, centralmente<strong>, QUE LEA LA LEY  DE MEMORIA DEMOCR\u00c1TICA<\/strong>. No s\u00f3lo lo necesita la presidenta del CREE para informarse, sino la  ciudadan\u00eda a la que dice representar. <strong>La representaci\u00f3n institucional y, la democracia, no se  trata de figurar para ver si se puede entrar en alguna lista electoral. Porque como dice el tango,  esa desesperaci\u00f3n conduce a una pr\u00e1ctica institucional sin rumbo y se corre el riesgo del  autoritarismo. Fortalecer la democracia interna de un \u00f3rgano consular electivo es la primera  responsabilidad de su presidenta.<\/strong>  <br>Consejeras\/os del CREE del \u00abFrente Progresista Las 13 rosas\u201d<\/p>\n","protected":false},"excerpt":{"rendered":"<p>As\u00ed se encuentra la presidencia del CREE Buenos Aires: no acierta una. En un comunicado reciente expresa que elev\u00f3 al Consejo General de la &#8230; <\/p>\n<p class=\"read-more-container\"><a title=\"\u00a1En la v\u00eda, sin rumbo, desesperao! (CREE de Buenos Aires)\" class=\"read-more button\" href=\"https:\/\/xn--tuvozdiasporaespaola-k7b.com\/page\/2\/en-la-via-sin-rumbo-desesperao-cre-de-buenos-aires\/#more-1045\" aria-label=\"M\u00e1s en \u00a1En la v\u00eda, sin rumbo, desesperao! (CREE de Buenos Aires)\">Leer m\u00e1s<\/a><\/p>\n","protected":false},"author":222560522,"featured_media":0,"comment_status":"open","ping_status":"open","sticky":false,"template":"","format":"standard","meta":{"footnotes":""},"categories":[1771],"tags":[],"class_list":["post-1045","post","type-post","status-publish","format-standard","hentry","category-sociales"],"_links":{"self":[{"href":"https:\/\/xn--tuvozdiasporaespaola-k7b.com\/page\/2\/wp-json\/wp\/v2\/posts\/1045","targetHints":{"allow":["GET"]}}],"collection":[{"href":"https:\/\/xn--tuvozdiasporaespaola-k7b.com\/page\/2\/wp-json\/wp\/v2\/posts"}],"about":[{"href":"https:\/\/xn--tuvozdiasporaespaola-k7b.com\/page\/2\/wp-json\/wp\/v2\/types\/post"}],"author":[{"embeddable":true,"href":"https:\/\/xn--tuvozdiasporaespaola-k7b.com\/page\/2\/wp-json\/wp\/v2\/users\/222560522"}],"replies":[{"embeddable":true,"href":"https:\/\/xn--tuvozdiasporaespaola-k7b.com\/page\/2\/wp-json\/wp\/v2\/comments?post=1045"}],"version-history":[{"count":0,"href":"https:\/\/xn--tuvozdiasporaespaola-k7b.com\/page\/2\/wp-json\/wp\/v2\/posts\/1045\/revisions"}],"wp:attachment":[{"href":"https:\/\/xn--tuvozdiasporaespaola-k7b.com\/page\/2\/wp-json\/wp\/v2\/media?parent=1045"}],"wp:term":[{"taxonomy":"category","embeddable":true,"href":"https:\/\/xn--tuvozdiasporaespaola-k7b.com\/page\/2\/wp-json\/wp\/v2\/categories?post=1045"},{"taxonomy":"post_tag","embeddable":true,"href":"https:\/\/xn--tuvozdiasporaespaola-k7b.com\/page\/2\/wp-json\/wp\/v2\/tags?post=1045"}],"curies":[{"name":"wp","href":"https:\/\/api.w.org\/{rel}","templated":true}]}}