{"id":1038,"date":"2023-01-23T09:37:42","date_gmt":"2023-01-23T12:37:42","guid":{"rendered":"https:\/\/xn--tuvozdiasporaespaola-k7b.com\/?p=1038"},"modified":"2023-01-24T15:56:39","modified_gmt":"2023-01-24T18:56:39","slug":"las-candidaturas-autonomicas-de-podemos-defenderan-planes-de-retorno-para-garantizar-la-superacion-del-exodo-migratorio-de-la-crisis-del-2008","status":"publish","type":"post","link":"https:\/\/xn--tuvozdiasporaespaola-k7b.com\/page\/2\/las-candidaturas-autonomicas-de-podemos-defenderan-planes-de-retorno-para-garantizar-la-superacion-del-exodo-migratorio-de-la-crisis-del-2008\/","title":{"rendered":"LAS CANDIDATURAS AUTON\u00d3MICAS DE PODEMOS DEFENDER\u00c1N PLANES DE RETORNO PARA GARANTIZAR LA SUPERACI\u00d3N DEL \u00c9XODO MIGRATORIO DE LA CRISIS DEL 2008"},"content":{"rendered":"\n<p>Durante la jornada de celebraci\u00f3n del noveno aniversario de la fundaci\u00f3n de <strong>Podemos cerca de 300 personas&nbsp; de 26 pa\u00edses se reunieron por Zoom en el plenario de los c\u00edrculos en el exterior el pasado s\u00e1bado 21 de enero<\/strong> a la vez&nbsp; tuvieron lugar asambleas simult\u00e1neas &nbsp; en m\u00e1s de 800 localidades del Estado Espa\u00f1ol y en ciudades de 18 pa\u00edses donde podemos tiene presencia . A trav\u00e9s del nuevo canal de Twitch de Podemos Exterior, las y <strong>los candidatos auton\u00f3micos del partido morado coincidieron con&nbsp; las peticiones de la ciudadan\u00eda, de los Centros Regionales y de sus propios C\u00edrculos<\/strong> con respecto a la implementaci\u00f3n de los Planes de Retorno en condiciones ventajosas que garanticen el final del \u00e9xodo provocado por el estallido de la crisis que duplic\u00f3 las cifras de la emigraci\u00f3n espa\u00f1ola desde la vuelta producida con la muerte de Franco y la instauraci\u00f3n de la democracia.<\/p>\n\n\n\n<figure class=\"wp-block-image size-large\"><img fetchpriority=\"high\" decoding=\"async\" width=\"1070\" height=\"642\" src=\"http:\/\/xn--tuvozdiasporaespaola-k7b.com\/wp-content\/uploads\/2023\/01\/screenshot_20230121_191019_gallery1599638887335073176.jpg?w=1024\" alt=\"\" class=\"wp-image-1035\" srcset=\"https:\/\/xn--tuvozdiasporaespaola-k7b.com\/wp-content\/uploads\/2023\/01\/screenshot_20230121_191019_gallery1599638887335073176.jpg 1070w, https:\/\/xn--tuvozdiasporaespaola-k7b.com\/wp-content\/uploads\/2023\/01\/screenshot_20230121_191019_gallery1599638887335073176-300x180.jpg 300w, https:\/\/xn--tuvozdiasporaespaola-k7b.com\/wp-content\/uploads\/2023\/01\/screenshot_20230121_191019_gallery1599638887335073176-1024x614.jpg 1024w, https:\/\/xn--tuvozdiasporaespaola-k7b.com\/wp-content\/uploads\/2023\/01\/screenshot_20230121_191019_gallery1599638887335073176-768x461.jpg 768w\" sizes=\"(max-width: 1070px) 100vw, 1070px\" \/><figcaption class=\"wp-element-caption\">Argentina<\/figcaption><\/figure>\n\n\n\n<p>Podemos es el partido cuya militancia mejor refleja las expectativas de esa generaci\u00f3n de j\u00f3venes y profesionales cualificados que fueron expulsados del pa\u00eds para buscar un horizonte de futuro que las pol\u00edticas de austeridad del bipartidismo no les ofrec\u00edan. Suponen una parte importante de la di\u00e1spora presente, y cuyo objetivo mayoritario es poder retornar a Espa\u00f1a en condiciones dignas que garanticen su calidad de vida y la de sus familias.<\/p>\n\n\n\n<figure class=\"wp-block-image size-large\"><img decoding=\"async\" width=\"990\" height=\"1138\" src=\"http:\/\/xn--tuvozdiasporaespaola-k7b.com\/wp-content\/uploads\/2023\/01\/screenshot_20230121_190302_twitter4554036155628988804.jpg?w=891\" alt=\"\" class=\"wp-image-1036\" srcset=\"https:\/\/xn--tuvozdiasporaespaola-k7b.com\/wp-content\/uploads\/2023\/01\/screenshot_20230121_190302_twitter4554036155628988804.jpg 990w, https:\/\/xn--tuvozdiasporaespaola-k7b.com\/wp-content\/uploads\/2023\/01\/screenshot_20230121_190302_twitter4554036155628988804-261x300.jpg 261w, https:\/\/xn--tuvozdiasporaespaola-k7b.com\/wp-content\/uploads\/2023\/01\/screenshot_20230121_190302_twitter4554036155628988804-891x1024.jpg 891w, https:\/\/xn--tuvozdiasporaespaola-k7b.com\/wp-content\/uploads\/2023\/01\/screenshot_20230121_190302_twitter4554036155628988804-768x883.jpg 768w\" sizes=\"(max-width: 990px) 100vw, 990px\" \/><figcaption class=\"wp-element-caption\">Colonia- Alemania<\/figcaption><\/figure>\n\n\n\n<p>Es por ello que los C\u00edrculos de Podemos en el Exterior, que representan a 18 c\u00edrculos , 350 militantes y 11.000 personas inscritas han dado el pistoletazo de salida de la campa\u00f1a electoral de 2023 con la recogida de propuestas que mejor reflejen las aspiraciones de la ciudadan\u00eda de las tres oleadas de migraci\u00f3n que se han producido y conviven en la actualidad: hijos e hijas del exilio, migraci\u00f3n econ\u00f3mica de los 60-70 y expulsados por la crisis del 2008.<\/p>\n\n\n\n<p>Con las propuestas recibidas de centros regionales, de ciudadanos y de la propia militancia, buena parte de la cual se politiz\u00f3 a trav\u00e9s de su participaci\u00f3n en el Movimiento del 15M, se ha elaborado un programa electoral para las elecciones auton\u00f3micas, que fue refrendado por la plenaria de C\u00edrculos de Podemos Exterior y en la que intervinieron, online, la mayor\u00eda de candidatas y candidatos a la presidencia de las 12 Comunidades Aut\u00f3nomas que tienen su cita electoral el pr\u00f3ximo 28 de mayo.<\/p>\n\n\n\n<figure class=\"wp-block-embed is-type-rich is-provider-twitter wp-block-embed-twitter\"><div class=\"wp-block-embed__wrapper\">\n<blockquote class=\"twitter-tweet\" data-width=\"550\" data-dnt=\"true\"><p lang=\"es\" dir=\"ltr\">M\u00e1s de 200 personas participaron en las  asambleas y plenario  de la Di\u00e1spora de Podemos. Un logro  con compa\u00f1eres de 26 paises en el exterior. Ha sido un d\u00eda emocionante. Gracias a todes C\u00edrculos y Redes  de Europa y America  las que lo hacisteis posible  <a href=\"https:\/\/twitter.com\/hashtag\/TuFuerzaTransforma?src=hash&amp;ref_src=twsrc%5Etfw\">#TuFuerzaTransforma<\/a> <a href=\"https:\/\/t.co\/jhw6gwZDhP\">pic.twitter.com\/jhw6gwZDhP<\/a><\/p>&mdash; RED C\u00cdRCULOS PODEMOS LATINOAMERICA (@RedPodemosLatam) <a href=\"https:\/\/twitter.com\/RedPodemosLatam\/status\/1616918999803072513?ref_src=twsrc%5Etfw\">January 21, 2023<\/a><\/blockquote><script async src=\"https:\/\/platform.twitter.com\/widgets.js\" charset=\"utf-8\"><\/script>\n<\/div><\/figure>\n\n\n\n<p>En el citado encuentro de dirigentes de Podemos auton\u00f3micos con la militancia en el Exterior se <strong>destac\u00f3 un firme compromiso de trasladar a las pol\u00edticas auton\u00f3micas el mayor n\u00famero de iniciativas para un pronto retorno (<\/strong><strong><em>sobre facilidades para la vivienda, reinserci\u00f3n laboral, homologaci\u00f3n de t\u00edtulos, acogida e integraci\u00f3n escolar de menores, cobertura sanitaria, rehabilitar los viajes del Imserso que est\u00e9n incluida Am\u00e9rica, ayudas en diferentes campos, Acceso a la nacionalidad espa\u00f1ola \u2018ius sanguinis\u2019,etc\u2026),<\/em><\/strong> ya sea dentro de los actuales Planes de Retorno auton\u00f3micos o potenciando donde no los hubiere o fueren insuficientes, superando con ello los escollos reales que hasta el momento han impedido su desarrollo efectivo.<\/p>\n\n\n\n<figure class=\"wp-block-image size-large\"><img decoding=\"async\" width=\"2880\" height=\"2880\" src=\"http:\/\/xn--tuvozdiasporaespaola-k7b.com\/wp-content\/uploads\/2023\/01\/20230123_1309537483049944259599047.jpg?w=1024\" alt=\"\" class=\"wp-image-1051\" srcset=\"https:\/\/xn--tuvozdiasporaespaola-k7b.com\/wp-content\/uploads\/2023\/01\/20230123_1309537483049944259599047.jpg 2880w, https:\/\/xn--tuvozdiasporaespaola-k7b.com\/wp-content\/uploads\/2023\/01\/20230123_1309537483049944259599047-300x300.jpg 300w, https:\/\/xn--tuvozdiasporaespaola-k7b.com\/wp-content\/uploads\/2023\/01\/20230123_1309537483049944259599047-1024x1024.jpg 1024w, https:\/\/xn--tuvozdiasporaespaola-k7b.com\/wp-content\/uploads\/2023\/01\/20230123_1309537483049944259599047-150x150.jpg 150w, https:\/\/xn--tuvozdiasporaespaola-k7b.com\/wp-content\/uploads\/2023\/01\/20230123_1309537483049944259599047-768x768.jpg 768w, https:\/\/xn--tuvozdiasporaespaola-k7b.com\/wp-content\/uploads\/2023\/01\/20230123_1309537483049944259599047-1568x1568.jpg 1568w\" sizes=\"(max-width: 2880px) 100vw, 2880px\" \/><figcaption class=\"wp-element-caption\">Asambleas de C\u00edrculos y Plenario en el Exterior.<\/figcaption><\/figure>\n\n\n\n<p>Dentro de los sectores de la emigraci\u00f3n espec\u00edficos que reclaman condiciones para una vuelta con garant\u00edas, <strong>se recogieron las reivindicaciones de los y las investigadoras y cient\u00edficas espa\u00f1olas, cuyas asociaciones est\u00e1n constituy\u00e9ndose o impuls\u00e1ndose en diversos pa\u00edses (Francia, Alemania, Estados Unidos,Brasil, M\u00e9xico, Argentina, Gran Breta\u00f1a, etc.)<\/strong> y en las que vari@s integrantes&nbsp; de Podemos participan y ahora han impulsado un grupo propio de cara a las elecciones auton\u00f3micas y los planes de retorno.<\/p>\n\n\n\n<p>Desde Podemos en el exterior seguiremos apostando por la Di\u00e1spora Espa\u00f1ola,&nbsp; por solventar sus necesidades y afianzar sus derechos.<\/p>\n\n\n\n<p>Equipo de Comunicaci\u00f3n de Redes de C\u00edrculos de  Podemos Exterior<br \/><\/p>\n","protected":false},"excerpt":{"rendered":"<p>Durante la jornada de celebraci\u00f3n del noveno aniversario de la fundaci\u00f3n de Podemos cerca de 300 personas&nbsp; de 26 pa\u00edses se reunieron por Zoom &#8230; <\/p>\n<p class=\"read-more-container\"><a title=\"LAS CANDIDATURAS AUTON\u00d3MICAS DE PODEMOS DEFENDER\u00c1N PLANES DE RETORNO PARA GARANTIZAR LA SUPERACI\u00d3N DEL \u00c9XODO MIGRATORIO DE LA CRISIS DEL 2008\" class=\"read-more button\" href=\"https:\/\/xn--tuvozdiasporaespaola-k7b.com\/page\/2\/las-candidaturas-autonomicas-de-podemos-defenderan-planes-de-retorno-para-garantizar-la-superacion-del-exodo-migratorio-de-la-crisis-del-2008\/#more-1038\" aria-label=\"M\u00e1s en LAS CANDIDATURAS AUTON\u00d3MICAS DE PODEMOS DEFENDER\u00c1N PLANES DE RETORNO PARA GARANTIZAR LA SUPERACI\u00d3N DEL \u00c9XODO MIGRATORIO DE LA CRISIS DEL 2008\">Leer m\u00e1s<\/a><\/p>\n","protected":false},"author":222560522,"featured_media":0,"comment_status":"open","ping_status":"open","sticky":false,"template":"","format":"standard","meta":{"footnotes":""},"categories":[1771],"tags":[],"class_list":["post-1038","post","type-post","status-publish","format-standard","hentry","category-sociales"],"_links":{"self":[{"href":"https:\/\/xn--tuvozdiasporaespaola-k7b.com\/page\/2\/wp-json\/wp\/v2\/posts\/1038","targetHints":{"allow":["GET"]}}],"collection":[{"href":"https:\/\/xn--tuvozdiasporaespaola-k7b.com\/page\/2\/wp-json\/wp\/v2\/posts"}],"about":[{"href":"https:\/\/xn--tuvozdiasporaespaola-k7b.com\/page\/2\/wp-json\/wp\/v2\/types\/post"}],"author":[{"embeddable":true,"href":"https:\/\/xn--tuvozdiasporaespaola-k7b.com\/page\/2\/wp-json\/wp\/v2\/users\/222560522"}],"replies":[{"embeddable":true,"href":"https:\/\/xn--tuvozdiasporaespaola-k7b.com\/page\/2\/wp-json\/wp\/v2\/comments?post=1038"}],"version-history":[{"count":0,"href":"https:\/\/xn--tuvozdiasporaespaola-k7b.com\/page\/2\/wp-json\/wp\/v2\/posts\/1038\/revisions"}],"wp:attachment":[{"href":"https:\/\/xn--tuvozdiasporaespaola-k7b.com\/page\/2\/wp-json\/wp\/v2\/media?parent=1038"}],"wp:term":[{"taxonomy":"category","embeddable":true,"href":"https:\/\/xn--tuvozdiasporaespaola-k7b.com\/page\/2\/wp-json\/wp\/v2\/categories?post=1038"},{"taxonomy":"post_tag","embeddable":true,"href":"https:\/\/xn--tuvozdiasporaespaola-k7b.com\/page\/2\/wp-json\/wp\/v2\/tags?post=1038"}],"curies":[{"name":"wp","href":"https:\/\/api.w.org\/{rel}","templated":true}]}}