{"id":103,"date":"2022-09-01T12:10:54","date_gmt":"2022-09-01T15:10:54","guid":{"rendered":"https:\/\/xn--tuvozdiasporaespaola-k7b.com\/?p=103"},"modified":"2022-09-01T12:11:28","modified_gmt":"2022-09-01T15:11:28","slug":"lula-habla-de-situacion-climatica-y-ecologica","status":"publish","type":"post","link":"https:\/\/xn--tuvozdiasporaespaola-k7b.com\/page\/2\/lula-habla-de-situacion-climatica-y-ecologica\/","title":{"rendered":"Lula habla de situaci\u00f3n clim\u00e1tica  y Ecol\u00f3gica"},"content":{"rendered":"\n<p><em><strong>\u201cBrasil no cerrar\u00e1.\u00a0Construir\u00e1 alianzas con muchos pa\u00edses.\u00a0La Amazon\u00eda es de inter\u00e9s para la supervivencia de la humanidad\u201d, dijo Lula, sin renunciar a la exploraci\u00f3n del territorio\u00bb<\/strong><\/em><\/p>\n\n\n\n<p><strong><mark style=\"background-color:rgba(0,0,0,0);color:#000000;\" class=\"has-inline-color has-secondary-color\">Gobiernos progresistas en Latinoam\u00e9rica\u00a0 y Europa Garant\u00eda de protecci\u00f3n Ambiental<\/mark><\/strong><strong>.<\/strong>\u00a0<\/p>\n\n\n\n<p>En defensa del medio Ambiente y para combatir esta guerra contra la naturaleza es necesario que el gobierno progresista de Lula llegue al poder&nbsp; y poder parar los latifundios de poder con ansia de territorio para explotar la madera , caucho&nbsp; etc\u2026 a costa de los pueblos originarios y la destrucci\u00f3n sistem\u00e1tica de la Naturaleza .<\/p>\n\n\n\n<p>La derogaci\u00f3n del acuerdo del Mercosur Comunidad Europea seg\u00fan est\u00e1 planificado\u00a0 contribuye a la sobreexplotaci\u00f3n del Amazonas y de territorios\u00a0 protegidos\u00a0 en el ansia de Europa de tener materias Primas necesarias para su supervivencia\u00a0 , es deber de los Movimientos progresistas Europeos y Latinoamericanos estar alerta y movilizados para denunciar estos ataques sistem\u00e1ticos a las soberan\u00edas\u00a0 de los pueblos Latinoamericanos\u00a0 y acompa\u00f1ar desde PODEMOS cuantas iniciativas se den en\u00a0 este sentido.<\/p>\n\n\n\n<figure class=\"wp-block-embed is-type-rich is-provider-twitter wp-block-embed-twitter\"><div class=\"wp-block-embed__wrapper\">\n<blockquote class=\"twitter-tweet\" data-width=\"550\" data-dnt=\"true\"><p lang=\"es\" dir=\"ltr\">Desde <a href=\"https:\/\/twitter.com\/Left_EU?ref_src=twsrc%5Etfw\">@Left_EU<\/a> decimos NO a la ratificaci\u00f3n del Acuerdo UE-Mercosur, una acuerdo que hace inviable ser consecuentes con los objetivos que la misma UE tiene para parar el cambio clim\u00e1tico y ahonda en la insostenibilidad del primer sector. <a href=\"https:\/\/twitter.com\/hashtag\/SayNoEUMercosur?src=hash&amp;ref_src=twsrc%5Etfw\">#SayNoEUMercosur<\/a> <a href=\"https:\/\/t.co\/5aZvZqrPAo\">pic.twitter.com\/5aZvZqrPAo<\/a><\/p>&mdash; Idoia Villanueva (@IdoiaVR) <a href=\"https:\/\/twitter.com\/IdoiaVR\/status\/1364926991212896257?ref_src=twsrc%5Etfw\">February 25, 2021<\/a><\/blockquote><script async src=\"https:\/\/platform.twitter.com\/widgets.js\" charset=\"utf-8\"><\/script>\n<\/div><\/figure>\n\n\n\n<p>Como as\u00ed lo esta haciendo&nbsp; Idoia Villanueva&nbsp; parlamentaria Europea de Podemos junto al grupo de Izquierda en el Parlamento .<\/p>\n\n\n\n<p>Desde la Red de C\u00edrculos de Latinoam\u00e9rica seguiremos trabajando en Territorio junto a las agrupaciones ecologistas\u00a0 y partidos pol\u00edticos afines\u00a0 como pol\u00edtica internacionalista\u00a0 para poder combatir noticias\u00a0 como las que les detallamos a continuaci\u00f3n por el\u00a0 coordinador de campa\u00f1a para la Amazon\u00eda de Greenpeace, Andr\u00e9 Freitas, record\u00f3 que en estos \u00faltimos cuatro a\u00f1os, durante el Gobierno de Jair Bolsonaro, se ha desarrollado \u00abuna clara y objetiva pol\u00edtica anti ambiental\u00bb, que ha permitido a madereros y ganaderos trabajar de forma ilegal y devastar el pulm\u00f3n del planeta.<\/p>\n\n\n\n<p><strong>El Amazonas Arde por incendios provocados.<\/strong><\/p>\n\n\n\n<p>La Amazon\u00eda brasile\u00f1a registr\u00f3 en agosto 31.513 focos de incendios, el mayor n\u00famero desde 2010, cuando se llegaron a contabilizar 45.018, seg\u00fan datos publicados por el Instituto Nacional de Investigaciones Espaciales (Inpe).<\/p>\n\n\n\n<figure class=\"wp-block-embed is-type-rich is-provider-twitter wp-block-embed-twitter\"><div class=\"wp-block-embed__wrapper\">\n<blockquote class=\"twitter-tweet\" data-width=\"550\" data-dnt=\"true\"><p lang=\"es\" dir=\"ltr\">Los incendios en el Amazonas no son casualidad: la deforestaci\u00f3n generada por la industria ganadera est\u00e1 poniendo en peligro la selva tropical m\u00e1s grande del mundo. <br><br>Pero los bosques no son un negocio, no podemos permitir que los destruyan: <a href=\"https:\/\/t.co\/RKyF9qeeL4\">https:\/\/t.co\/RKyF9qeeL4<\/a> <a href=\"https:\/\/t.co\/xYt1UWfj5G\">pic.twitter.com\/xYt1UWfj5G<\/a><\/p>&mdash; Greenpeace Argentina (@GreenpeaceArg) <a href=\"https:\/\/twitter.com\/GreenpeaceArg\/status\/1174427432280969216?ref_src=twsrc%5Etfw\">September 18, 2019<\/a><\/blockquote><script async src=\"https:\/\/platform.twitter.com\/widgets.js\" charset=\"utf-8\"><\/script>\n<\/div><\/figure>\n\n\n\n<p>Desde el comienzo del a\u00f1o hasta el mes pasado, hubo 46.022 incendios, frente a los 39.424 focos registrados en el mismo periodo del a\u00f1o anterior.<\/p>\n\n\n\n<p><strong>En el marco de esta reuni\u00f3n con parlamentarios Europeos\u00a0 les compartimos\u00a0 las manifestaciones \u00a0 realizadas en el canal de Lula 247, \u00a0el sitio web de Lula\u00a0<\/strong><\/p>\n\n\n\n<p>Este lunes 29 de agosto , el ex presidente Lula (PT)\u00a0se reuni\u00f3 con una delegaci\u00f3n de parlamentarios europeos\u00a0y discuti\u00f3 temas globales.\u00a0El tema clim\u00e1tico fue uno de los principales temas abordados.<\/p>\n\n\n\n<p>Lula destac\u00f3 que Brasil es soberano sobre el territorio que le pertenece en la Amazon\u00eda, pero que la situaci\u00f3n de la selva es de inter\u00e9s de toda la humanidad, no s\u00f3lo de los brasile\u00f1os.&nbsp;\u201cNo renunciamos a la soberan\u00eda de la Amazon\u00eda, pero no es solo nuestra.&nbsp;Tenemos la Amazon\u00eda en Venezuela, Colombia, Per\u00fa, Ecuador, un poco en Bolivia y hasta en Guyana\u201d, dijo.<\/p>\n\n\n\n<p>Ante esta situaci\u00f3n, Lula defendi\u00f3 las \u201casociaciones en ciencia y tecnolog\u00eda\u201d con otros pa\u00edses para la \u201cconstrucci\u00f3n de un mundo efectivamente limpio\u201d, as\u00ed como para explotar m\u00e1s los recursos de la selva.<\/p>\n\n\n\n<p><em>\u201cBrasil no cerrar\u00e1.\u00a0Construir\u00e1 alianzas con muchos pa\u00edses para que podamos decir que, aunque somos soberanos sobre el territorio, la Amazon\u00eda est\u00e1 en el inter\u00e9s de la supervivencia de la humanidad.\u00a0Todos tienen la responsabilidad de ayudar a cuidar\u201d<\/em><\/p>\n\n\n\n<p>Lula destac\u00f3 que Brasil \u201cpuede ser protagonista\u201d en la construcci\u00f3n de un mundo limpio.\u00a0<em>\u201cSi volvemos, nuestra alianza ser\u00e1 m\u00e1s fuerte que antes, porque aprendimos lo importante que es mantener las alianzas, tener relaciones serias y respetuosas, sin que nadie tenga una hegemon\u00eda sobre el otro.\u00a0Queremos alianzas, una relaci\u00f3n de igual a igual, donde todos puedan ganar y nadie pierda\u201d,<\/em> destac\u00f3.<\/p>\n\n\n\n<p><em>\u201cNo queremos hacer de la Amazon\u00eda un santuario para la humanidad, queremos explorar lo que la biodiversidad puede ofrecer, ya sea desde el punto de vista de la industria farmac\u00e9utica, la industria cosm\u00e9tica u otra cosa que ni siquiera conocemos\u201d .<\/em><\/p>\n\n\n\n<figure class=\"wp-block-embed is-type-rich is-provider-twitter wp-block-embed-twitter\"><div class=\"wp-block-embed__wrapper\">\n<blockquote class=\"twitter-tweet\" data-width=\"550\" data-dnt=\"true\"><p lang=\"es\" dir=\"ltr\">&quot;Dos lados&quot; <br><br>Lula lanz\u00f3 su primer spot de campa\u00f1a para las elecciones presidenciales: &quot;\u00bfQu\u00e9 Brasil quer\u00e9s?&quot;<a href=\"https:\/\/t.co\/yehOmi4PLz\">pic.twitter.com\/yehOmi4PLz<\/a><\/p>&mdash; Corta ? (@somoscorta) <a href=\"https:\/\/twitter.com\/somoscorta\/status\/1523313271201091587?ref_src=twsrc%5Etfw\">May 8, 2022<\/a><\/blockquote><script async src=\"https:\/\/platform.twitter.com\/widgets.js\" charset=\"utf-8\"><\/script>\n<\/div><\/figure>\n\n\n\n<p><\/p>\n\n\n\n<p><\/p>\n\n\n\n<p><strong>Cooperaci\u00f3n institucional<\/strong><\/p>\n\n\n\n<p>Los europeos llegaron a Brasil encabezados por la diputada espa\u00f1ola Iratxe Gracia P\u00e9rez, que preside el grupo Socialdem\u00f3cratas (S&amp;D), que ocupa 154 esca\u00f1os en el Parlamento.&nbsp;Seg\u00fan la pol\u00edtica, el encuentro se realiz\u00f3 con el objetivo de dialogar sobre el futuro y la esperanza<\/p>\n\n\n\n<p>Despu\u00e9s de las elecciones, estamos seguros de que se abrir\u00e1 una nueva ventana de oportunidad para Brasil.&nbsp;Con un presidente como Lula, que devuelve la esperanza a tantos hombres y mujeres que ven c\u00f3mo se deteriora la imagen del pa\u00eds en el exterior\u201d, dijo.<\/p>\n\n\n\n<p>P\u00e9rez dijo que los l\u00edderes europeos est\u00e1n preocupados por Brasil, precisamente porque ha perdido su protagonismo en el Cono Sur<em>.\u00a0\u201cEl gobierno de Bolsonaro tiene ejemplos muy claros, como el de hacer frente a la pandemia.\u00a0El aumento de la pobreza tras los grandes logros del gobierno de Lula.\u00a0Estamos viendo los ataques claros y evidentes contra las minor\u00edas, como las mujeres, la misoginia de Bolsonaro\u201d,<\/em> dijo.<\/p>\n\n\n\n<figure class=\"wp-block-image size-large\"><img fetchpriority=\"high\" decoding=\"async\" width=\"1280\" height=\"1280\" src=\"http:\/\/xn--tuvozdiasporaespaola-k7b.com\/wp-content\/uploads\/2022\/09\/2c1583998d6cc9d2fad45f4285315f8be6b056c92003297709634243236.jpg?w=1024\" alt=\"\" class=\"wp-image-104\" srcset=\"https:\/\/xn--tuvozdiasporaespaola-k7b.com\/wp-content\/uploads\/2022\/09\/2c1583998d6cc9d2fad45f4285315f8be6b056c92003297709634243236.jpg 1280w, https:\/\/xn--tuvozdiasporaespaola-k7b.com\/wp-content\/uploads\/2022\/09\/2c1583998d6cc9d2fad45f4285315f8be6b056c92003297709634243236-300x300.jpg 300w, https:\/\/xn--tuvozdiasporaespaola-k7b.com\/wp-content\/uploads\/2022\/09\/2c1583998d6cc9d2fad45f4285315f8be6b056c92003297709634243236-1024x1024.jpg 1024w, https:\/\/xn--tuvozdiasporaespaola-k7b.com\/wp-content\/uploads\/2022\/09\/2c1583998d6cc9d2fad45f4285315f8be6b056c92003297709634243236-150x150.jpg 150w, https:\/\/xn--tuvozdiasporaespaola-k7b.com\/wp-content\/uploads\/2022\/09\/2c1583998d6cc9d2fad45f4285315f8be6b056c92003297709634243236-768x768.jpg 768w\" sizes=\"(max-width: 1280px) 100vw, 1280px\" \/><\/figure>\n\n\n\n<p><em>\u00bb Brasil ha dejado de tener un papel importante en el \u00e1mbito global.\u00a0Creemos que hoy Europa y Am\u00e9rica del Sur est\u00e1n experimentando una nueva ola de progresismo.\u00a0La Uni\u00f3n Europea, Brasil y Am\u00e9rica del Sur necesitan retomar la cooperaci\u00f3n institucional, y para eso necesitamos retomar la cooperaci\u00f3n pol\u00edtica.\u00a0Somos aliados naturales, compartimos los mismos valores de justicia, democracia y solidaridad.\u00a0Y apoyar a Lula es apoyar al pueblo brasile\u00f1o.\u00a0Un gobierno presidido por Lula es lo mejor para el pueblo brasile\u00f1o\u201d,<\/em> agreg\u00f3 el presidente del grupo.<\/p>\n\n\n\n<p><strong>Reto por la paz<\/strong><\/p>\n\n\n\n<p>Para el economista Aloizio Mercadante, quien es coordinador del Plan de Gobierno Lula-Alckmin, el planeta enfrenta un desaf\u00edo gigantesco en la lucha por la paz, que exige una mayor cooperaci\u00f3n institucional.<\/p>\n\n\n\n<p><em>\u201cMe gustar\u00eda hablar sobre la importancia que ustedes [parlamentarios europeos] tienen en la lucha por la democracia, contra el fascismo, contra el nazismo, en la lucha por la reconstrucci\u00f3n de Europa.\u00a0Y ahora vivimos en Am\u00e9rica Latina un proceso de extrema derecha sin ning\u00fan compromiso con la democracia, con los derechos humanos, y ustedes son socios en esta lucha mundial por una sociedad civilizada\u201d<\/em>, dijo.<\/p>\n\n\n\n<figure class=\"wp-block-image size-large\"><img decoding=\"async\" width=\"500\" height=\"240\" src=\"http:\/\/xn--tuvozdiasporaespaola-k7b.com\/wp-content\/uploads\/2022\/09\/lulaeuropa7067335767092553551..jpg?w=500\" alt=\"\" class=\"wp-image-105\" srcset=\"https:\/\/xn--tuvozdiasporaespaola-k7b.com\/wp-content\/uploads\/2022\/09\/lulaeuropa7067335767092553551..jpg 500w, https:\/\/xn--tuvozdiasporaespaola-k7b.com\/wp-content\/uploads\/2022\/09\/lulaeuropa7067335767092553551.-300x144.jpg 300w\" sizes=\"(max-width: 500px) 100vw, 500px\" \/><\/figure>\n\n\n\n<p>Mercadante tambi\u00e9n destac\u00f3 la urgencia de combatir el calentamiento global.\u00a0<em>\u201cBrasil es muy importante para enfrentar los extremos clim\u00e1ticos, un tema que est\u00e1 en la agenda y necesita ser priorizado en la agenda pol\u00edtica.\u00a0Tenemos un pa\u00eds que tiene una gran responsabilidad por la Amazon\u00eda y un gobierno que no tiene ning\u00fan compromiso con esta agenda.\u00a0La deforestaci\u00f3n, las milicias y el crimen organizado [est\u00e1n] en el bosque\u201d,<\/em> agreg\u00f3.<\/p>\n\n\n\n<p><strong>Memor\u00e1ndun<\/strong><\/p>\n\n\n\n<p>Gleisi Hoffmann, por su parte,&nbsp;<\/p>\n\n\n\n<p><em>\u00abobserv\u00f3 que s\u00f3lo con la cooperaci\u00f3n institucional y el di\u00e1logo ser\u00e1 posible construir un mundo mejor.\u00a0En la ocasi\u00f3n, pol\u00edticos brasile\u00f1os y europeos firmaron un memorando de colaboraci\u00f3n mutua<\/em> \u00ab.<\/p>\n\n\n\n<p><strong>Democracia y guerra<\/strong><\/p>\n\n\n\n<p>El expresidente tambi\u00e9n coment\u00f3 sobre las recientes victorias de la izquierda en las elecciones de todo el mundo contra los pol\u00edticos autoritarios.\u00a0Hizo un balance de los acontecimientos pol\u00edticos recientes, como la victoria de los progresistas Gabriel Boric en Chile, Alberto Fern\u00e1ndez en Argentina y Gustavo Petro en Colombia<em>.\u00a0\u201cY estamos en la lucha aqu\u00ed en Brasil para ver si podemos devolver la democracia a la gobernabilidad del pa\u00eds\u201d, <\/em>dijo.<\/p>\n\n\n\n<p>Tambi\u00e9n habl\u00f3 sobre la guerra actual en Ucrania, acusando la falta de di\u00e1logo<em>.\u00a0\u201cLa guerra fue apresurada.\u00a0Faltaba conversaci\u00f3n, liderazgo e inter\u00e9s en evitarlo\u201d, dijo.\u00a0\u201cNo estamos de acuerdo bajo ninguna circunstancia con la ocupaci\u00f3n territorial de un pa\u00eds por otro\u201d,<\/em> continu\u00f3.<\/p>\n\n\n\n<figure class=\"wp-block-image size-large\"><img decoding=\"async\" width=\"1200\" height=\"800\" src=\"http:\/\/xn--tuvozdiasporaespaola-k7b.com\/wp-content\/uploads\/2022\/09\/3ufwsxrj5hwz726eztusscbsbi6392801683539323681.jpg?w=1024\" alt=\"\" class=\"wp-image-106\" srcset=\"https:\/\/xn--tuvozdiasporaespaola-k7b.com\/wp-content\/uploads\/2022\/09\/3ufwsxrj5hwz726eztusscbsbi6392801683539323681.jpg 1200w, https:\/\/xn--tuvozdiasporaespaola-k7b.com\/wp-content\/uploads\/2022\/09\/3ufwsxrj5hwz726eztusscbsbi6392801683539323681-300x200.jpg 300w, https:\/\/xn--tuvozdiasporaespaola-k7b.com\/wp-content\/uploads\/2022\/09\/3ufwsxrj5hwz726eztusscbsbi6392801683539323681-1024x683.jpg 1024w, https:\/\/xn--tuvozdiasporaespaola-k7b.com\/wp-content\/uploads\/2022\/09\/3ufwsxrj5hwz726eztusscbsbi6392801683539323681-768x512.jpg 768w\" sizes=\"(max-width: 1200px) 100vw, 1200px\" \/><figcaption class=\"wp-element-caption\">Lopez Obrador y Lula <\/figcaption><\/figure>\n\n\n\n<p><strong>Para terminar diciendo :<\/strong><\/p>\n\n\n\n<p><em>\u201cEstoy muy feliz y es un honor para el Partido de los Trabajadores recibir a los eurodiputados.\u00a0Es hora de fortalecer nuestra cooperaci\u00f3n, tenemos muchas luchas en com\u00fan.\u00a0La discusi\u00f3n de la democracia, los derechos humanos, los trabajadores.\u00a0Estamos hablando de un memor\u00e1ndum de colaboraci\u00f3n que debemos firmar, lo que para nosotros es motivo de alegr\u00eda\u201d,<\/em> dijo el presidente nacional del PT.<\/p>\n\n\n\n<p>Presente en el encuentro, el excanciller Celso Amorim defendi\u00f3 una nueva diplomacia brasile\u00f1a, para que el pa\u00eds vuelva a ser protagonista en el debate internacional<em>.\u00a0\u201cEstamos anticipando un cambio, la alianza entre Am\u00e9rica Latina, Am\u00e9rica del Sur y Europa, extendi\u00e9ndose a \u00c1frica.\u00a0Es muy importante enfrentar los grandes desaf\u00edos del mundo, la guerra, el cambio clim\u00e1tico, la desigualdad y la pandemia.\u00a0Eso es lo que nos une en general, lo que fue la pol\u00edtica exterior del ex presidente Lula y lo que ser\u00e1 [en una nueva elecci\u00f3n]\u201d,<\/em> agreg\u00f3.<\/p>\n\n\n\n<p>\u00c1rea de Ecolog\u00eda de C\u00edrculo Podemos Argentina Prov,  Red de C\u00edrculos Podemos Latinoam\u00e9rica <\/p>\n\n\n\n<figure class=\"wp-block-image size-large\"><img loading=\"lazy\" decoding=\"async\" width=\"840\" height=\"560\" src=\"http:\/\/xn--tuvozdiasporaespaola-k7b.com\/wp-content\/uploads\/2022\/09\/descarga4582078266766835822.jpg?w=840\" alt=\"\" class=\"wp-image-107\" srcset=\"https:\/\/xn--tuvozdiasporaespaola-k7b.com\/wp-content\/uploads\/2022\/09\/descarga4582078266766835822.jpg 840w, https:\/\/xn--tuvozdiasporaespaola-k7b.com\/wp-content\/uploads\/2022\/09\/descarga4582078266766835822-300x200.jpg 300w, https:\/\/xn--tuvozdiasporaespaola-k7b.com\/wp-content\/uploads\/2022\/09\/descarga4582078266766835822-768x512.jpg 768w\" sizes=\"(max-width: 840px) 100vw, 840px\" \/><\/figure>\n\n\n\n<p><\/p>\n","protected":false},"excerpt":{"rendered":"<p>\u201cBrasil no cerrar\u00e1.\u00a0Construir\u00e1 alianzas con muchos pa\u00edses.\u00a0La Amazon\u00eda es de inter\u00e9s para la supervivencia de la humanidad\u201d, dijo Lula, sin renunciar a la exploraci\u00f3n &#8230; <\/p>\n<p class=\"read-more-container\"><a title=\"Lula habla de situaci\u00f3n clim\u00e1tica  y Ecol\u00f3gica\" class=\"read-more button\" href=\"https:\/\/xn--tuvozdiasporaespaola-k7b.com\/page\/2\/lula-habla-de-situacion-climatica-y-ecologica\/#more-103\" aria-label=\"M\u00e1s en Lula habla de situaci\u00f3n clim\u00e1tica  y Ecol\u00f3gica\">Leer m\u00e1s<\/a><\/p>\n","protected":false},"author":222560522,"featured_media":0,"comment_status":"open","ping_status":"open","sticky":false,"template":"","format":"standard","meta":{"footnotes":""},"categories":[1771],"tags":[],"class_list":["post-103","post","type-post","status-publish","format-standard","hentry","category-sociales"],"_links":{"self":[{"href":"https:\/\/xn--tuvozdiasporaespaola-k7b.com\/page\/2\/wp-json\/wp\/v2\/posts\/103","targetHints":{"allow":["GET"]}}],"collection":[{"href":"https:\/\/xn--tuvozdiasporaespaola-k7b.com\/page\/2\/wp-json\/wp\/v2\/posts"}],"about":[{"href":"https:\/\/xn--tuvozdiasporaespaola-k7b.com\/page\/2\/wp-json\/wp\/v2\/types\/post"}],"author":[{"embeddable":true,"href":"https:\/\/xn--tuvozdiasporaespaola-k7b.com\/page\/2\/wp-json\/wp\/v2\/users\/222560522"}],"replies":[{"embeddable":true,"href":"https:\/\/xn--tuvozdiasporaespaola-k7b.com\/page\/2\/wp-json\/wp\/v2\/comments?post=103"}],"version-history":[{"count":0,"href":"https:\/\/xn--tuvozdiasporaespaola-k7b.com\/page\/2\/wp-json\/wp\/v2\/posts\/103\/revisions"}],"wp:attachment":[{"href":"https:\/\/xn--tuvozdiasporaespaola-k7b.com\/page\/2\/wp-json\/wp\/v2\/media?parent=103"}],"wp:term":[{"taxonomy":"category","embeddable":true,"href":"https:\/\/xn--tuvozdiasporaespaola-k7b.com\/page\/2\/wp-json\/wp\/v2\/categories?post=103"},{"taxonomy":"post_tag","embeddable":true,"href":"https:\/\/xn--tuvozdiasporaespaola-k7b.com\/page\/2\/wp-json\/wp\/v2\/tags?post=103"}],"curies":[{"name":"wp","href":"https:\/\/api.w.org\/{rel}","templated":true}]}}