{"id":1026,"date":"2023-01-21T23:51:24","date_gmt":"2023-01-22T02:51:24","guid":{"rendered":"https:\/\/xn--tuvozdiasporaespaola-k7b.com\/?p=1026"},"modified":"2023-01-21T23:51:29","modified_gmt":"2023-01-22T02:51:29","slug":"vientos-de-cambio-reaccion-golpista-y-unidad-de-las-izquierdas","status":"publish","type":"post","link":"https:\/\/xn--tuvozdiasporaespaola-k7b.com\/page\/2\/vientos-de-cambio-reaccion-golpista-y-unidad-de-las-izquierdas\/","title":{"rendered":"VIENTOS DE CAMBIO, REACCI\u00d3N GOLPISTA Y UNIDAD DE LAS IZQUIERDAS"},"content":{"rendered":"\n<p>Las calles del Per\u00fa reflejan estos d\u00edas de movilizaci\u00f3n pac\u00edfica y popular la m\u00e1xima ya muy difundida de que \u201cSolo el Pueblo salva al Pueblo\u201d. Los partidos tradicionales y de nuevo cu\u00f1o, la oposici\u00f3n sindical y los liderazgos de los y las dirigentes de la izquierda peruana han perdido la capacidad de tomar las iniciativas necesarias para salir de un estado generalizado de hartura hacia la clase pol\u00edtica y dirigente del pa\u00eds.<\/p>\n\n\n\n<p>Las encuestas de opini\u00f3n marcan la temperatura del ambiente social del pa\u00eds del Sol y, al margen del nefasto Cambio Clim\u00e1tico, los indicadores muestran que la cosa est\u00e1 que arde. Mientras tanto las \u00e9lites y la derechona criolla, rancia, clasista y rentista mantienen su apuesta por la v\u00eda golpista parlamentaria, la&nbsp; que han venido urdiendo punto a punto hasta la \u00faltima&nbsp; escenificaci\u00f3n del 7 de diciembre, tras dos intentos fracasados de vacancia y un continuado proceso de bloqueo, deslegitimaci\u00f3n y desestabilizaci\u00f3n del gobierno de Pedro Castillo.<\/p>\n\n\n\n<p><\/p>\n\n\n\n<p>En Am\u00e9rica Latina los vientos del Cambio de los \u00faltimos procesos y triunfos electorales populares de las izquierdas, han destapado las esencias golpistas de una Clase dominante que en otros tiempos recurr\u00eda al intervencionismo cl\u00e1sico y sangriento de los Estados Unidos y ahora, por cosas del azar de la geopol\u00edtica y la entrada de China y R\u00fasia en el reparto regional de influencias, deben recurrir a las estrategias golpistas patri\u00f3ticas, eso s\u00ed, bien conectadas a las tramas de la ultraderecha cuyos dirigentes se dejan fotografiar con Steve Bannon, el poderoso enviado especial de Trump.\u00a0<\/p>\n\n\n\n<figure class=\"wp-block-image size-large\"><img fetchpriority=\"high\" decoding=\"async\" width=\"1024\" height=\"683\" src=\"http:\/\/xn--tuvozdiasporaespaola-k7b.com\/wp-content\/uploads\/2023\/01\/img-20230118-wa00397974924539976809323.jpg?w=1024\" alt=\"\" class=\"wp-image-1027\" srcset=\"https:\/\/xn--tuvozdiasporaespaola-k7b.com\/wp-content\/uploads\/2023\/01\/img-20230118-wa00397974924539976809323.jpg 1024w, https:\/\/xn--tuvozdiasporaespaola-k7b.com\/wp-content\/uploads\/2023\/01\/img-20230118-wa00397974924539976809323-300x200.jpg 300w, https:\/\/xn--tuvozdiasporaespaola-k7b.com\/wp-content\/uploads\/2023\/01\/img-20230118-wa00397974924539976809323-768x512.jpg 768w\" sizes=\"(max-width: 1024px) 100vw, 1024px\" \/><\/figure>\n\n\n\n<p>Hay una cuerda invisible que enlaza la persecuci\u00f3n judicial, medi\u00e1tica e intento de magnicidio contra Cristina Kitchner en Argentina, los intentos de restaurar un clima de violencia en Bolivia, el golpe y represi\u00f3n en las calles del Per\u00fa y el reestreno de \u201cAsalto al Parlamento II\u201d de Bolsonaro y sus zombis fanatizados.&nbsp;<\/p>\n\n\n\n<p>A las clases privilegiadas no les ha sentado nada bien la digesti\u00f3n del resultado electoral en las cinco econom\u00edas m\u00e1s fuertes de Am\u00e9rica Latina (M\u00e9xico, Argentina, Brasil, Colombia y Chile), todas ellas queriendo reformar o transformar, que de todo hay como en botica, el sistema econ\u00f3mico injusto y los Estados corruptos al servicio de unas minor\u00edas siempre voraces.<\/p>\n\n\n\n<p>En el torbellino de la Historia, que funciona de forma circular m\u00e1s bien en espiral, lo que no avanza, retrocede y cada \u201cacci\u00f3n\u201d sufre un periodo posterior de \u201creacci\u00f3n\u201d; y as\u00ed, pasito a pasito, o a grandes saltos en \u00e9poca de revoluciones, la Humanidad avanza o se encamina al precipicio. De todas nosotras y nosotros es la elecci\u00f3n, claro.<\/p>\n\n\n\n<p>En estos \u00faltimos tiempos en donde se propaga medi\u00e1ticamente la cultura de la difamaci\u00f3n, e incluso los ataques f\u00edsicos a quienes defienden las conquistas en Derechos y Libertades pol\u00edticas y sociales, colectivas o individuales, ya se llamen Pablo Iglesias, Irene Montero, Lula da Silva, Evo Morales, Gustavo Petro o tutti quanti, los sectores ultramontanos no cesan en la creaci\u00f3n de tramas entretejidas por Fundaciones que financien la llamada \u201cbatalla cultural\u201d contra el progresismo, el feminismo y la conciencia ecol\u00f3gica, as\u00ed como nuevas televisiones y medios de intoxicaci\u00f3n medi\u00e1tica que permitan un ba\u00f1o de credibilidad a los golpes del Lawfare judicial, aprovechando la afinidad mayoritaria del partido de las Togas y los birretes.<\/p>\n\n\n\n<figure class=\"wp-block-image size-large\"><img decoding=\"async\" width=\"1080\" height=\"1080\" src=\"http:\/\/xn--tuvozdiasporaespaola-k7b.com\/wp-content\/uploads\/2023\/01\/img-20230119-wa00608804097805821549778.jpg?w=1024\" alt=\"\" class=\"wp-image-1028\" srcset=\"https:\/\/xn--tuvozdiasporaespaola-k7b.com\/wp-content\/uploads\/2023\/01\/img-20230119-wa00608804097805821549778.jpg 1080w, https:\/\/xn--tuvozdiasporaespaola-k7b.com\/wp-content\/uploads\/2023\/01\/img-20230119-wa00608804097805821549778-300x300.jpg 300w, https:\/\/xn--tuvozdiasporaespaola-k7b.com\/wp-content\/uploads\/2023\/01\/img-20230119-wa00608804097805821549778-1024x1024.jpg 1024w, https:\/\/xn--tuvozdiasporaespaola-k7b.com\/wp-content\/uploads\/2023\/01\/img-20230119-wa00608804097805821549778-150x150.jpg 150w, https:\/\/xn--tuvozdiasporaespaola-k7b.com\/wp-content\/uploads\/2023\/01\/img-20230119-wa00608804097805821549778-768x768.jpg 768w\" sizes=\"(max-width: 1080px) 100vw, 1080px\" \/><\/figure>\n\n\n\n<p>De esta forma se pasean y aparecen en c\u00f3nclaves de partidarios y empresarios con af\u00e1n inversor a medio plazo, personajes como Uribe, quien recientemente hemos tenido de visita en mi ciudad, Valencia, en donde ha tenido la infamia o insolencia de proclamar sin rubor, en referencia a los graves hechos en Brasilia, un \u201cpara defender la democracia hay que acatarla o se pierde legitimidad\u201d. Alg\u00fan periodista se ha dejado llevar por el subconsciente y le ha metido \u201catacarla\u201d en vez de \u201cacatarla\u201d, dada la forma de entender por parte de Uribe esa democracia en Colombia con la que ha arrasado el pa\u00eds tras veinte a\u00f1os de gobiernos precisamente uribistas.<\/p>\n\n\n\n<p>Las tramas ultras, que actualmente conspiran para hacer caer gobiernos leg\u00edtimos progresistas en toda Am\u00e9rica Latina, estrechan ahora acuerdos con sectores directamente fascistas de las Fuerzas Armadas de dichos pa\u00edses ( en Colombia, Brasil y Espa\u00f1a especialmente), adem\u00e1s de pasar la gorra para financiar sus pr\u00f3ximas campa\u00f1as electorales, las que tocan y las que se provoquen con la ruptura del proceso institucional, como ahora en Per\u00fa.&nbsp;<\/p>\n\n\n\n<p>El discurso que les venden a estos ambiciosos y retr\u00f3grados empresarios y a alguna que otra sucursal de multinacionales, es que, con la recuperaci\u00f3n del gobierno de Espa\u00f1a en una Santa Alianza Apost\u00f3lica y Anticomunista (vamos, una reedici\u00f3n ib\u00e9rica 4.0. de la Triple A argentina de los a\u00f1os 70), sus negocios volver\u00e1n a crecer viento en popa bajo la impunidad del Nuevo Orden pol\u00edtico estatal y ellos recuperar\u00e1n su proyecto imperial heredado del franquismo en forma de \u201cIberosfera\u201d, con una cultura y religi\u00f3n uniformadas y un mando \u00fanico en plaza, como ordena la mentalidad cuartelera de la fachosfera hispana.<\/p>\n\n\n\n<figure class=\"wp-block-image size-large\"><img decoding=\"async\" width=\"1512\" height=\"2016\" src=\"http:\/\/xn--tuvozdiasporaespaola-k7b.com\/wp-content\/uploads\/2023\/01\/img-20230119-wa00553827273450616480401.jpg?w=768\" alt=\"\" class=\"wp-image-1029\" srcset=\"https:\/\/xn--tuvozdiasporaespaola-k7b.com\/wp-content\/uploads\/2023\/01\/img-20230119-wa00553827273450616480401.jpg 1512w, https:\/\/xn--tuvozdiasporaespaola-k7b.com\/wp-content\/uploads\/2023\/01\/img-20230119-wa00553827273450616480401-225x300.jpg 225w, https:\/\/xn--tuvozdiasporaespaola-k7b.com\/wp-content\/uploads\/2023\/01\/img-20230119-wa00553827273450616480401-768x1024.jpg 768w\" sizes=\"(max-width: 1512px) 100vw, 1512px\" \/><\/figure>\n\n\n\n<p>Para hacer frente a tanta conspiraci\u00f3n y a los delirios de las \u00e9lites que ans\u00edan la prolongaci\u00f3n \u2018ad eternum\u2019 de sus privilegios fruto del saqueo actual o de las herencias de viejas Conquistas de sus ancestros, diversos analistas de la izquierda, reclaman la necesaria, sino imprescindible, unidad de las distintas familias de la izquierda y del llamado \u201ccampo progresista\u201d.<\/p>\n\n\n\n<p>En concreto en nuestra Espa\u00f1a, origen de tantas emigraciones y exilios forzados, todav\u00eda afectando a las generaciones mejor preparadas de la historia, se acercan las citas electorales del 2023 que recorrer\u00e1n el coraz\u00f3n de la mayor\u00eda de instituciones representativas de la voluntad popular de sus ciudadanos (ayuntamientos, mayor\u00eda de Comunidades Aut\u00f3nomas, diputaciones, cabildos y finalmente el Parlamento nacional).\u00a0<\/p>\n\n\n\n<figure class=\"wp-block-image size-large\"><img loading=\"lazy\" decoding=\"async\" width=\"1024\" height=\"858\" src=\"http:\/\/xn--tuvozdiasporaespaola-k7b.com\/wp-content\/uploads\/2023\/01\/5d09371b3f7fc7734523087002740898.jpg?w=1024\" alt=\"\" class=\"wp-image-1030\" srcset=\"https:\/\/xn--tuvozdiasporaespaola-k7b.com\/wp-content\/uploads\/2023\/01\/5d09371b3f7fc7734523087002740898.jpg 1024w, https:\/\/xn--tuvozdiasporaespaola-k7b.com\/wp-content\/uploads\/2023\/01\/5d09371b3f7fc7734523087002740898-300x251.jpg 300w, https:\/\/xn--tuvozdiasporaespaola-k7b.com\/wp-content\/uploads\/2023\/01\/5d09371b3f7fc7734523087002740898-768x644.jpg 768w\" sizes=\"(max-width: 1024px) 100vw, 1024px\" \/><figcaption class=\"wp-element-caption\">VOX y PP pactando el giro de la derecha hacia el Fascismo <\/figcaption><\/figure>\n\n\n\n<p>Ante las divergencias sobre las opciones de Coalici\u00f3n y el peso de cada formaci\u00f3n pol\u00edtica a la izquierda del PSOE y el evidente provecho pol\u00edtico y medi\u00e1tico que el PP y VOX est\u00e1n sacando del embrollo de declaraciones, desaires y posiciones intransigentes de nuestros afamados y afamadas dirigentes, ya hay acertados articulistas que, como el diputado de Unidas Podemos en el parlamento madrile\u00f1o, Agust\u00edn Moreno, recomiendan rebajar la tensi\u00f3n, partir de lo esencial -el Programa com\u00fan por la transformaci\u00f3n del pa\u00eds- y cuidar la unidad, cuyo desquebrajamiento como si de un jarr\u00f3n chino se tratara, no permite la recomposici\u00f3n requerida del conjunto de la pieza, que sale electoralmente muy maltrecha del maltrato y del furor de las batallas.<\/p>\n\n\n\n<p>Por todo ello, querida audiencia, ante el panorama descrito no tenemos otra que manifestar con fuerza y esperanza: \u201cUnidas Podemos Sumar M\u00e1s\u201d, quiz\u00e1s el esl\u00f3gan de la pr\u00f3xima Campa\u00f1a de las izquierdas en Espa\u00f1a, \u00a1quien sabe!<\/p>\n\n\n\n<p>Miguel \u00c1ngel Ferris,  Redacci\u00f3n de la revista TU VOZ  y Columnista de Radio Argentina AM-570 , Par\u00eds.<\/p>\n","protected":false},"excerpt":{"rendered":"<p>Las calles del Per\u00fa reflejan estos d\u00edas de movilizaci\u00f3n pac\u00edfica y popular la m\u00e1xima ya muy difundida de que \u201cSolo el Pueblo salva al &#8230; <\/p>\n<p class=\"read-more-container\"><a title=\"VIENTOS DE CAMBIO, REACCI\u00d3N GOLPISTA Y UNIDAD DE LAS IZQUIERDAS\" class=\"read-more button\" href=\"https:\/\/xn--tuvozdiasporaespaola-k7b.com\/page\/2\/vientos-de-cambio-reaccion-golpista-y-unidad-de-las-izquierdas\/#more-1026\" aria-label=\"M\u00e1s en VIENTOS DE CAMBIO, REACCI\u00d3N GOLPISTA Y UNIDAD DE LAS IZQUIERDAS\">Leer m\u00e1s<\/a><\/p>\n","protected":false},"author":222560522,"featured_media":0,"comment_status":"open","ping_status":"open","sticky":false,"template":"","format":"standard","meta":{"footnotes":""},"categories":[1771],"tags":[],"class_list":["post-1026","post","type-post","status-publish","format-standard","hentry","category-sociales"],"_links":{"self":[{"href":"https:\/\/xn--tuvozdiasporaespaola-k7b.com\/page\/2\/wp-json\/wp\/v2\/posts\/1026","targetHints":{"allow":["GET"]}}],"collection":[{"href":"https:\/\/xn--tuvozdiasporaespaola-k7b.com\/page\/2\/wp-json\/wp\/v2\/posts"}],"about":[{"href":"https:\/\/xn--tuvozdiasporaespaola-k7b.com\/page\/2\/wp-json\/wp\/v2\/types\/post"}],"author":[{"embeddable":true,"href":"https:\/\/xn--tuvozdiasporaespaola-k7b.com\/page\/2\/wp-json\/wp\/v2\/users\/222560522"}],"replies":[{"embeddable":true,"href":"https:\/\/xn--tuvozdiasporaespaola-k7b.com\/page\/2\/wp-json\/wp\/v2\/comments?post=1026"}],"version-history":[{"count":0,"href":"https:\/\/xn--tuvozdiasporaespaola-k7b.com\/page\/2\/wp-json\/wp\/v2\/posts\/1026\/revisions"}],"wp:attachment":[{"href":"https:\/\/xn--tuvozdiasporaespaola-k7b.com\/page\/2\/wp-json\/wp\/v2\/media?parent=1026"}],"wp:term":[{"taxonomy":"category","embeddable":true,"href":"https:\/\/xn--tuvozdiasporaespaola-k7b.com\/page\/2\/wp-json\/wp\/v2\/categories?post=1026"},{"taxonomy":"post_tag","embeddable":true,"href":"https:\/\/xn--tuvozdiasporaespaola-k7b.com\/page\/2\/wp-json\/wp\/v2\/tags?post=1026"}],"curies":[{"name":"wp","href":"https:\/\/api.w.org\/{rel}","templated":true}]}}