{"id":1020,"date":"2023-01-20T20:58:47","date_gmt":"2023-01-20T23:58:47","guid":{"rendered":"https:\/\/xn--tuvozdiasporaespaola-k7b.com\/?p=1020"},"modified":"2023-08-03T14:22:25","modified_gmt":"2023-08-03T17:22:25","slug":"el-silencio","status":"publish","type":"post","link":"https:\/\/xn--tuvozdiasporaespaola-k7b.com\/page\/2\/el-silencio\/","title":{"rendered":"EL SILENCIO"},"content":{"rendered":"\n<p>La historia de la mujer tiene que ver m\u00e1s con lo que se call\u00f3 que con lo que se dijo. Esta frase lo dice Irene Mu\u00f1oz, ella es psiquiatra psicoanalista y feminista defensora de la salud mental en Espa\u00f1a. Que sugiere que  <br>las mujeres siempre han sufrido, desde siempre, pero que el  sufrimiento ha adoptado varias formas a lo largo del tiempo. El problema dice que ese sufrimiento se ha silenciado, disfrazado de todo  tipo de patolog\u00edas mentales cuando en realidad ese malestar casi siempre proviene de desequilibrios sociales o familiares.<\/p>\n\n\n\n<figure class=\"wp-block-image size-large\"><img fetchpriority=\"high\" decoding=\"async\" width=\"500\" height=\"583\" src=\"http:\/\/xn--tuvozdiasporaespaola-k7b.com\/wp-content\/uploads\/2023\/01\/irene-muc3b1oz-scaled-e15822928045204544856510019501982..jpg?w=500\" alt=\"\" class=\"wp-image-1010\" srcset=\"https:\/\/xn--tuvozdiasporaespaola-k7b.com\/wp-content\/uploads\/2023\/01\/irene-muc3b1oz-scaled-e15822928045204544856510019501982..jpg 500w, https:\/\/xn--tuvozdiasporaespaola-k7b.com\/wp-content\/uploads\/2023\/01\/irene-muc3b1oz-scaled-e15822928045204544856510019501982.-257x300.jpg 257w\" sizes=\"(max-width: 500px) 100vw, 500px\" \/><figcaption class=\"wp-element-caption\">Irene Mu\u00f1oz Escandell, asesora jur\u00eddica de SALUD MENTAL ESPA\u00d1A<\/figcaption><\/figure>\n\n\n\n<p> <br>Y es aqu\u00ed en donde estar\u00e9 haciendo hincapi\u00e9 en este espacio. Invitar\u00e9 a los  y las oyentes a repensar temas sociales que vemos y vivimos desde la  historia de la humanidad. Estos desequilibrios que padecemos todos  <br>los seres vivos, no simplemente las mujeres, hombres, ni\u00f1os y ni\u00f1as  sino tambi\u00e9n los animales y el planeta entero. <br>Irene Mu\u00f1oz mencionaba el sufrimiento silenciado de las mujeres, sin  dudar hablaremos de eso con la idea de dar Luz a todo aquello sublime que todo mundo ve, percibe pero que no se menciona, aqu\u00ed  <br>trataremos de sacar a la luz no s\u00f3lo el sufrimiento femenino sino  tambi\u00e9n el de todos los \u00e1mbitos sin tapujos ni tab\u00faes.<\/p>\n\n\n\n<p>Volviendo a lo que nos toca, hay ciertos desequilibrios con mucha injusticia,<br>el sistema tiene como materia troncal esta caracter\u00edstica, desde la educaci\u00f3n en las escuelas, con respecto a esto mencionare cosas que ya han debatido bastante, por ejemplo las historias que nos cuentan<br>donde los pr\u00f3ceres, referentes y salvadores de la patria son casi siempre hombres con unas cualidades superiores que los dem\u00e1s raz\u00f3n por lo cual, han podido lograr sus grandiosas haza\u00f1as, no desde la vulnerabilidad, eso no esta permitido en los libros de historia solo<br>en las novelas que causalmente est\u00e1n hechos para las mujeres. En referencias a las cualidades superiores dejan un mensaje sublime del prototipo del \u00e9xito del ser exitoso un ni\u00f1o desde su inocencia al querer ser como sus \u00eddolos patri\u00f3ticos en muchos casos se imponen una exigencia para ser el mejor en todo lo que hace, padeciendo sus<br>cualidades inadecuadas se\u00f1alados por los adultos, por ejemplo sus ganas de correr, gritar, llorar, supuesto que un poquito de esa<br>exigencia no viene mal pero resulta que nuestra cultura nos dicta que no esta permitido no ser lineales. Y las ni\u00f1as? Las ni\u00f1as crec\u00edan creyendo que las mujeres no formaban parte de tales haza\u00f1as, es<br>m\u00e1s las mujeres no exist\u00edan en los libros de historia y si las nombraban eran las amantes de aquellos h\u00e9roes como ejemplo traigo a la Pr\u00f3cer Ecuatoriana Manuela S\u00e1enz mujer de Sim\u00f3n Bol\u00edvar el libertador del norte de Am\u00e9rica latina. Es aqu\u00ed donde inicia la<br>educaci\u00f3n patriarcal, nos ense\u00f1an el mundo desde una ra\u00edz y un eje que nos perjudica, a largo plazo, a toda la sociedad.<\/p>\n\n\n\n<figure class=\"wp-block-image size-large\"><img decoding=\"async\" width=\"600\" height=\"400\" src=\"http:\/\/xn--tuvozdiasporaespaola-k7b.com\/wp-content\/uploads\/2023\/01\/simon-bolivar-y-manuela-saenz6032309827997985282.png?w=600\" alt=\"\" class=\"wp-image-1012\" srcset=\"https:\/\/xn--tuvozdiasporaespaola-k7b.com\/wp-content\/uploads\/2023\/01\/simon-bolivar-y-manuela-saenz6032309827997985282.png 600w, https:\/\/xn--tuvozdiasporaespaola-k7b.com\/wp-content\/uploads\/2023\/01\/simon-bolivar-y-manuela-saenz6032309827997985282-300x200.png 300w\" sizes=\"(max-width: 600px) 100vw, 600px\" \/><figcaption class=\"wp-element-caption\">Manuela Saenz  \u201cla libertadora del libertador\u201d Sim\u00f3n Bol\u00edvar<\/figcaption><\/figure>\n\n\n\n<p> Y con respecto a que la vulnerabilidad est\u00e1 hecho solo para las novelas y son libros<br>especialmente para mujeres no es casualidad, como dije es causalidades y las principales causas son var\u00edas para empezar la vulnerabilidad est\u00e1 visto como una debilidad y la debilidad es un aspecto que siempre se ha denostado y lo m\u00e1s maravilloso es que<br>solo las mujeres tienen el privilegio dicho ir\u00f3nicamente de mostrar su vulnerabilidad. Las mujeres somos seres sensibles por ende no podemos estar en un mando de poder y en la toma de decisiones por que no estamos capacitadas de tomar decisiones racionalmente, el supuesto de que nuestras emociones nos manejan es est\u00e1 muy arraigado.<\/p>\n\n\n\n<figure class=\"wp-block-image size-large\"><img decoding=\"async\" width=\"720\" height=\"480\" src=\"http:\/\/xn--tuvozdiasporaespaola-k7b.com\/wp-content\/uploads\/2023\/01\/photo_2020-12-21_10-44-59281298675542745925000946..jpg?w=720\" alt=\"\" class=\"wp-image-1023\" srcset=\"https:\/\/xn--tuvozdiasporaespaola-k7b.com\/wp-content\/uploads\/2023\/01\/photo_2020-12-21_10-44-59281298675542745925000946..jpg 720w, https:\/\/xn--tuvozdiasporaespaola-k7b.com\/wp-content\/uploads\/2023\/01\/photo_2020-12-21_10-44-59281298675542745925000946.-300x200.jpg 300w\" sizes=\"(max-width: 720px) 100vw, 720px\" \/><figcaption class=\"wp-element-caption\">Irene Montero <\/figcaption><\/figure>\n\n\n\n<p> Irene Montero es pol\u00edtica y psic\u00f3loga hoy es la ministra de igualdad del gobierno de Espa\u00f1a, ella en una entrevista televisiva habl\u00f3 de estos temas, una de las tantas cosas que dec\u00eda es que cuando las mujeres se ponen firmes es una hist\u00e9rica, si se enoja tienen las hormonas alborotados por ser personas menstruantes.<br>Esta cualidad de la sociedad no es nueva, ya desde siglos pasados las mujeres iban en la academia de se\u00f1oritas, donde aprend\u00edan cuando hablar y como sentarse, los hombres iban en academias prestigiosos donde aprend\u00edan los estudios avanzados de la \u00e9poca.<\/p>\n\n\n\n<figure class=\"wp-block-image size-large\"><img loading=\"lazy\" decoding=\"async\" width=\"634\" height=\"645\" src=\"http:\/\/xn--tuvozdiasporaespaola-k7b.com\/wp-content\/uploads\/2023\/01\/seminario-mujeres-con-discapacidad-y-violencia-de-gc3a9nero4521108799663961624..jpg?w=634\" alt=\"\" class=\"wp-image-1013\" srcset=\"https:\/\/xn--tuvozdiasporaespaola-k7b.com\/wp-content\/uploads\/2023\/01\/seminario-mujeres-con-discapacidad-y-violencia-de-gc3a9nero4521108799663961624..jpg 634w, https:\/\/xn--tuvozdiasporaespaola-k7b.com\/wp-content\/uploads\/2023\/01\/seminario-mujeres-con-discapacidad-y-violencia-de-gc3a9nero4521108799663961624.-295x300.jpg 295w\" sizes=\"(max-width: 634px) 100vw, 634px\" \/><\/figure>\n\n\n\n<p>Hoy en d\u00eda hemos avanzado much\u00edsimo en estos aspectos. Ya nos enorgullecemos por las pr\u00f3ceres mujeres, los hombres ya pueden<br>llorar, las mujeres ya podemos liderar grupos, podemos hablar pero apenas hemos levantado la primera c\u00e1scara de la cebolla. No hemos llegado a lo esencial, todav\u00eda est\u00e1 vigente la amnist\u00eda a los feminicidios a las violaciones sexuales y patriarcales. Hablo desde el \u00e1mbito social desde ya, pero tambi\u00e9n Hablo desde el \u00e1mbito judicial.<br>Si bien hemos impulsados leyes con perspectivas de g\u00e9nero, como la <strong>Ley Micaela en Argentina, La ley Olimpia en M\u00e9xico la ley Rosa Elvira Celly en Colombia La ley Solo Si es Si en Espa\u00f1a, la ley del aborto la ley de violencia intrafamiliar en Chile, la ley Org\u00e1nica integral en Ecuador la ley de estrategia integral en Cuba ley contra violaciones sexistas en Francia La ley fundamental de la Rep\u00fablica federal de<\/strong><br><strong>Alemania que en el art\u00edculo 3 se siguen agregando p\u00e1rrafos fundamentales con respecto a la igualdad de g\u00e9nero<\/strong>. Nos sentimos orgullosas y orgullosos porque por supuesto, m\u00e1s all\u00e1 de que los hombres son los privilegiados del sistema patriarcal en menos<br>medida tambi\u00e9n son v\u00edctimas del sistema, repito en menor medida.<\/p>\n\n\n\n<p>Y m\u00e1s all\u00e1 de eso los hombres coherentes, nos acompa\u00f1ar en nuestra  lucha. Pero lamentablemente no podemos negar que m\u00e1s all\u00e1 de las   leyes y protocolos que hemos alcanzado en muchos pa\u00edses solo  funciona como un stikers.<\/p>\n\n\n\n<figure class=\"wp-block-image size-large\"><img loading=\"lazy\" decoding=\"async\" width=\"815\" height=\"907\" src=\"http:\/\/xn--tuvozdiasporaespaola-k7b.com\/wp-content\/uploads\/2023\/01\/ecofeminismo-819x102474023128025146501-1.jpg?w=815\" alt=\"\" class=\"wp-image-1015\" srcset=\"https:\/\/xn--tuvozdiasporaespaola-k7b.com\/wp-content\/uploads\/2023\/01\/ecofeminismo-819x102474023128025146501-1.jpg 815w, https:\/\/xn--tuvozdiasporaespaola-k7b.com\/wp-content\/uploads\/2023\/01\/ecofeminismo-819x102474023128025146501-1-270x300.jpg 270w, https:\/\/xn--tuvozdiasporaespaola-k7b.com\/wp-content\/uploads\/2023\/01\/ecofeminismo-819x102474023128025146501-1-768x855.jpg 768w\" sizes=\"(max-width: 815px) 100vw, 815px\" \/><\/figure>\n\n\n\n<p>Otro punto de desequilibrios sociales que hablar\u00e9 es un aspecto fundamentalmente brutal. La revoluci\u00f3n verde, es el aumento del uso de diversas tecnolog\u00edas \u2014tales como plaguicidas, herbicidas y fertilizantes\u2014,<br>as\u00ed como nuevas variedades de cultivos de alto rendimiento se emplearon para aumentar en gran medida la producci\u00f3n alimentaria mundial, amado por unos pocos y odiado por tantos muchos. Esta revoluci\u00f3n nos ha tra\u00eddo m\u00e1s perjuicios que beneficios, si bien trae consigo una cierta utilidad que en primera instancia nos imponen con el fin de que lo aprovechamos todos sin embargo los da\u00f1os que conquistan, dicho desde la ciencia, son mort\u00edferas a gran escala. Esto es la dominaci\u00f3n que se da en la sociedad patriarcal que se sustenta en las relaciones<br>socioecon\u00f3micas de la sociedad industrial que ha nos llevado a la crisis ecol\u00f3gica y por favor sin restarte gravedad la crisis sanitaria que<br>las zonas rurales son los que m\u00e1s lo padecen y que poco se habla, desde ya est\u00e1 cualidad no sorprende.<\/p>\n\n\n\n<figure class=\"wp-block-image size-large\"><img loading=\"lazy\" decoding=\"async\" width=\"889\" height=\"524\" src=\"http:\/\/xn--tuvozdiasporaespaola-k7b.com\/wp-content\/uploads\/2023\/01\/agrotoxico-pulverizacao-e15923462258682951994828543955613.jpg?w=889\" alt=\"\" class=\"wp-image-1021\" srcset=\"https:\/\/xn--tuvozdiasporaespaola-k7b.com\/wp-content\/uploads\/2023\/01\/agrotoxico-pulverizacao-e15923462258682951994828543955613.jpg 889w, https:\/\/xn--tuvozdiasporaespaola-k7b.com\/wp-content\/uploads\/2023\/01\/agrotoxico-pulverizacao-e15923462258682951994828543955613-300x177.jpg 300w, https:\/\/xn--tuvozdiasporaespaola-k7b.com\/wp-content\/uploads\/2023\/01\/agrotoxico-pulverizacao-e15923462258682951994828543955613-768x453.jpg 768w\" sizes=\"(max-width: 889px) 100vw, 889px\" \/><\/figure>\n\n\n\n<p>Tomando como hilo la sociedad patriarcal y la relaciones socioecon\u00f3micas no puedo dejar de mencionar que en el siglo XXI despu\u00e9s de tantos movimientos sociales y de los derechos que se ha conquistado a nivel mundial, me pregunto; \u00bfA los sectores dominantes, presidentes ejecutivo, jueces, gremios, sindicatos, etc. No los carcome la conciencia el hecho de que sigamos con una brecha salarial que sin ning\u00fan argumento l\u00f3gico lo<br>siguen sustentando. Desde ya las mujeres hemos podido ingresar al mercado laboral pero hay otras realidades como el de las personas trans, obesas, con capacidades diferentes, etc. Sin duda hay tanto por vencer.<\/p>\n\n\n\n<p>Pero el tema de la brecha salarial en muchas regiones del mundo, en comparaci\u00f3n con varones, las mujeres tienen m\u00e1s posibilidades de  encontrarse y permanecer en situaci\u00f3n de desempleo, tienen menos  oportunidades de participar en la fuerza de trabajo y cuando lo hacen  suelen verse obligadas en aceptar empleo de peor calidad y menor carga \n<br>horario. Las disparidades de g\u00e9nero en las oportunidades de trabajo de  observan y persisten en varias zonas geogr\u00e1ficas. La brecha salarial entre  varones y mujeres a nivel mundial se estima en 23%.<\/p>\n\n\n\n<figure class=\"wp-block-image size-large\"><img loading=\"lazy\" decoding=\"async\" width=\"602\" height=\"552\" src=\"http:\/\/xn--tuvozdiasporaespaola-k7b.com\/wp-content\/uploads\/2023\/01\/salario-14076243871855306045.jpg?w=602\" alt=\"\" class=\"wp-image-1019\" srcset=\"https:\/\/xn--tuvozdiasporaespaola-k7b.com\/wp-content\/uploads\/2023\/01\/salario-14076243871855306045.jpg 602w, https:\/\/xn--tuvozdiasporaespaola-k7b.com\/wp-content\/uploads\/2023\/01\/salario-14076243871855306045-300x275.jpg 300w\" sizes=\"(max-width: 602px) 100vw, 602px\" \/><\/figure>\n\n\n\n<p>En fin, son tantas los temas que vamos a hablar. La idea es aportarle informaci\u00f3n \u00fatil y fundamentalmente que lo disfruten.<br>Ya iremos analizando todo porque cuando decimos <strong>que esta cojonudo esta fenomenal pero cuando decimos que es un ca\u00f1azo est\u00e1 fatal.<\/strong><\/p>\n\n\n\n<p>Noelia Morinigo.  Feminista  PODEMOS Argentina Provincias  y Columnista del programa de Radio \u00bb Cenizas de Babilonia di\u00e1spora espa\u00f1ola de Radio Argentina AM-570&#8243;.<\/p>\n","protected":false},"excerpt":{"rendered":"<p>La historia de la mujer tiene que ver m\u00e1s con lo que se call\u00f3 que con lo que se dijo. Esta frase lo dice &#8230; <\/p>\n<p class=\"read-more-container\"><a title=\"EL SILENCIO\" class=\"read-more button\" href=\"https:\/\/xn--tuvozdiasporaespaola-k7b.com\/page\/2\/el-silencio\/#more-1020\" aria-label=\"M\u00e1s en EL SILENCIO\">Leer m\u00e1s<\/a><\/p>\n","protected":false},"author":222560522,"featured_media":3506,"comment_status":"open","ping_status":"open","sticky":false,"template":"","format":"standard","meta":{"footnotes":""},"categories":[121858],"tags":[],"class_list":["post-1020","post","type-post","status-publish","format-standard","has-post-thumbnail","hentry","category-genero","resize-featured-image"],"_links":{"self":[{"href":"https:\/\/xn--tuvozdiasporaespaola-k7b.com\/page\/2\/wp-json\/wp\/v2\/posts\/1020","targetHints":{"allow":["GET"]}}],"collection":[{"href":"https:\/\/xn--tuvozdiasporaespaola-k7b.com\/page\/2\/wp-json\/wp\/v2\/posts"}],"about":[{"href":"https:\/\/xn--tuvozdiasporaespaola-k7b.com\/page\/2\/wp-json\/wp\/v2\/types\/post"}],"author":[{"embeddable":true,"href":"https:\/\/xn--tuvozdiasporaespaola-k7b.com\/page\/2\/wp-json\/wp\/v2\/users\/222560522"}],"replies":[{"embeddable":true,"href":"https:\/\/xn--tuvozdiasporaespaola-k7b.com\/page\/2\/wp-json\/wp\/v2\/comments?post=1020"}],"version-history":[{"count":1,"href":"https:\/\/xn--tuvozdiasporaespaola-k7b.com\/page\/2\/wp-json\/wp\/v2\/posts\/1020\/revisions"}],"predecessor-version":[{"id":3507,"href":"https:\/\/xn--tuvozdiasporaespaola-k7b.com\/page\/2\/wp-json\/wp\/v2\/posts\/1020\/revisions\/3507"}],"wp:featuredmedia":[{"embeddable":true,"href":"https:\/\/xn--tuvozdiasporaespaola-k7b.com\/page\/2\/wp-json\/wp\/v2\/media\/3506"}],"wp:attachment":[{"href":"https:\/\/xn--tuvozdiasporaespaola-k7b.com\/page\/2\/wp-json\/wp\/v2\/media?parent=1020"}],"wp:term":[{"taxonomy":"category","embeddable":true,"href":"https:\/\/xn--tuvozdiasporaespaola-k7b.com\/page\/2\/wp-json\/wp\/v2\/categories?post=1020"},{"taxonomy":"post_tag","embeddable":true,"href":"https:\/\/xn--tuvozdiasporaespaola-k7b.com\/page\/2\/wp-json\/wp\/v2\/tags?post=1020"}],"curies":[{"name":"wp","href":"https:\/\/api.w.org\/{rel}","templated":true}]}}