{"id":1003,"date":"2023-01-19T21:04:06","date_gmt":"2023-01-20T00:04:06","guid":{"rendered":"https:\/\/xn--tuvozdiasporaespaola-k7b.com\/?p=1003"},"modified":"2023-01-19T21:05:18","modified_gmt":"2023-01-20T00:05:18","slug":"el-crecimiento-de-espana-sera-desde-el-exterior","status":"publish","type":"post","link":"https:\/\/xn--tuvozdiasporaespaola-k7b.com\/page\/2\/el-crecimiento-de-espana-sera-desde-el-exterior\/","title":{"rendered":"El crecimiento de Espa\u00f1a ser\u00e1 desde el exterior"},"content":{"rendered":"\n<p><\/p>\n\n\n\n<p>El futuro de toda Europa pasa por una renovaci\u00f3n demogr\u00e1fica. El estancamiento en la natalidad y el envejecimiento de nuestras poblaciones obligan a Europa a buscar otras opciones aparte del aumento de natalidad y se han de incluir unos planes de inmigraci\u00f3n que renueven nuestra fuerza laboral y capacidad productiva.<\/p>\n\n\n\n<p>&nbsp;<\/p>\n\n\n\n<figure class=\"wp-block-image size-large\"><img fetchpriority=\"high\" decoding=\"async\" width=\"1960\" height=\"1470\" src=\"http:\/\/xn--tuvozdiasporaespaola-k7b.com\/wp-content\/uploads\/2023\/01\/1490719966_497975_1490769238_noticia_fotograma8270136650730521107.jpg?w=1024\" alt=\"\" class=\"wp-image-1006\" srcset=\"https:\/\/xn--tuvozdiasporaespaola-k7b.com\/wp-content\/uploads\/2023\/01\/1490719966_497975_1490769238_noticia_fotograma8270136650730521107.jpg 1960w, https:\/\/xn--tuvozdiasporaespaola-k7b.com\/wp-content\/uploads\/2023\/01\/1490719966_497975_1490769238_noticia_fotograma8270136650730521107-300x225.jpg 300w, https:\/\/xn--tuvozdiasporaespaola-k7b.com\/wp-content\/uploads\/2023\/01\/1490719966_497975_1490769238_noticia_fotograma8270136650730521107-1024x768.jpg 1024w, https:\/\/xn--tuvozdiasporaespaola-k7b.com\/wp-content\/uploads\/2023\/01\/1490719966_497975_1490769238_noticia_fotograma8270136650730521107-768x576.jpg 768w, https:\/\/xn--tuvozdiasporaespaola-k7b.com\/wp-content\/uploads\/2023\/01\/1490719966_497975_1490769238_noticia_fotograma8270136650730521107-1568x1176.jpg 1568w\" sizes=\"(max-width: 1960px) 100vw, 1960px\" \/><figcaption class=\"wp-element-caption\">David Casarejos.<\/figcaption><\/figure>\n\n\n\n<p>Aparte de los flujos migratorios naturales hay que buscar \u2018explorar\u2019 otras migraciones por parte de trabajadores en otros continentes que lleguen ya con las habilidades y capacidad productiva que ayudar\u00e1n a nuestros pa\u00edses a crecer.<\/p>\n\n\n\n<p>En el caso de Espa\u00f1a hay un continente que podr\u00eda ayudar a rellenar esta falta de recursos con el beneficio de lograr fuerza productiva que ya tiene el control de nuestro idioma y conocimiento de nuestra cultura.<\/p>\n\n\n\n<p>En 2020 una noticia nos dejaba claro la necesidad de buscar mano de obra allende los mares y de Uruguay se trajeron a 300 profesionales para ayudar en la esquila de nuestra caba\u00f1a ovina. Personal altamente cualificado y capaz de esquilar de manera individual a m\u00e1s de 200 ovejas por d\u00eda durante dos meses.<\/p>\n\n\n\n<p>En 2021 se contrataron a cientos de trabajadoras y trabajadores ecuatorianos que igualmente llegaron para trabajar en el sector agr\u00edcola, en la recogida de fresas, frutos rojos y c\u00edtricos. Esta contrataci\u00f3n iba dirigida a la franja de edad de entre 18 y 41 a\u00f1os y el periodo para solicitar estos trabajos se extendi\u00f3 desde diciembre de 2021 a junio de 2022.<\/p>\n\n\n\n<figure class=\"wp-block-image size-large\"><img decoding=\"async\" width=\"1500\" height=\"924\" src=\"http:\/\/xn--tuvozdiasporaespaola-k7b.com\/wp-content\/uploads\/2023\/01\/viaje-emigrante277955546235567953.png?w=1024\" alt=\"\" class=\"wp-image-1005\" srcset=\"https:\/\/xn--tuvozdiasporaespaola-k7b.com\/wp-content\/uploads\/2023\/01\/viaje-emigrante277955546235567953.png 1500w, https:\/\/xn--tuvozdiasporaespaola-k7b.com\/wp-content\/uploads\/2023\/01\/viaje-emigrante277955546235567953-300x185.png 300w, https:\/\/xn--tuvozdiasporaespaola-k7b.com\/wp-content\/uploads\/2023\/01\/viaje-emigrante277955546235567953-1024x631.png 1024w, https:\/\/xn--tuvozdiasporaespaola-k7b.com\/wp-content\/uploads\/2023\/01\/viaje-emigrante277955546235567953-768x473.png 768w\" sizes=\"(max-width: 1500px) 100vw, 1500px\" \/><\/figure>\n\n\n\n<p>En el actual gobierno, el ministro de Inclusi\u00f3n, Migraciones y Seguridad Social, Jos\u00e9 Luis Escriv\u00e1, ha incorporado la idea de facilitar la llegada de mano de obra desde el exterior para incrementar la capacidad productiva en \u00e1reas donde hay margen de crecimiento.<\/p>\n\n\n\n<p>La le\u00f1a para el fuego de la econom\u00eda viene de la mano de obra y la falta de esta mano de obra se paga cara\u2026 que se lo digan a Reino Unido tras el Brexit y su incapacidad por lograr cubrir m\u00e1s de 3 millones de vacantes en muchos sectores de su econom\u00eda.<\/p>\n\n\n\n<p>El esfuerzo en Espa\u00f1a ha de ser a nivel gubernamental e interministerial y por eso se trabaj\u00f3 en 2022 en mejorar las condiciones en materia migratoria. Durante el verano se anunci\u00f3 a bombo y platillo la reforma del reglamento de la ley de Extranjer\u00eda.<\/p>\n\n\n\n<p>Esta ley permite una mayor facilidad en la obtenci\u00f3n de papeles a los inmigrantes que ya viven en Espa\u00f1a siempre que se formen en sectores necesitados de personal.<\/p>\n\n\n\n<p>La regularizaci\u00f3n de inmigrantes en nuestro pa\u00eds es una necesidad y a trav\u00e9s de esta ley cientos de miles de personas podr\u00e1n acogerse a esta reforma, y as\u00ed lograr\u00edamos matar dos p\u00e1jaros de un tiro: primero otorgando m\u00e1s facilidades para incorporarse al mercado laboral y segundo, y m\u00e1s importante, ofrecer la posibilidad de que puedan vivir regularmente en Espa\u00f1a.<\/p>\n\n\n\n<p>Tendremos que encontrar las v\u00edas para regularizar a todos aquellos que viven en nuestro pa\u00eds. No sobra nadie.<\/p>\n\n\n\n<p>Toda esta contrataci\u00f3n del exterior puede tener de frente dos cuestiones muy importantes: la posici\u00f3n de los sindicatos, que muestran sus reticencias ante atraer mano de obra en un pa\u00eds con una tasa de paro a\u00fan alta, y tambi\u00e9n la \u00e9tica, o mejor dicho posible falta de \u00e9tica en el caso de traer trabajadores cualificados o no cualificados de econom\u00edas que est\u00e1n en desarrollo y tambi\u00e9n necesitan mantener a su fuerza laboral.<\/p>\n\n\n\n<p>En ning\u00fan caso se deber\u00eda utilizar esta v\u00eda como una manera de reducir costes utilizando a personas dispuestas a ofrecer su capacidad laboral por cantidades muy inferiores a las que determina el mercado.<\/p>\n\n\n\n<p>Toda esta poblaci\u00f3n que llega para estas tareas desde el exterior en muchos casos descender\u00e1 de emigrantes espa\u00f1oles. El Ejecutivo deber\u00eda ofrecer o acelerar los tr\u00e1mites para poder nacionalizar a muchos de estos trabajadores y trabajadoras que, aparte de cubrir puestos de trabajo necesarios y pagar impuestos, renovar\u00edan un pa\u00eds que necesita de sangre nueva.<\/p>\n\n\n\n<p>La ley de memoria democr\u00e1tica va a ofrecer la posibilidad de otorgar la nacionalidad a muchos descendientes de espa\u00f1oles, pero los que queden fuera deber\u00edan ser tenidos en cuenta para poder incorporarlos en nuestro mercado laboral y en nuestra sociedad\u2026 y hace falta ser generoso y creativo para encontrar las v\u00edas para atraerles.<\/p>\n\n\n\n<p>Muchos de estos trabajos est\u00e1n localizados en la Espa\u00f1a vaciada donde el beneficio ser\u00e1 inmenso y se podr\u00edan instalar familias en lugares donde ya existen los recursos o no se necesitar\u00eda m\u00e1s que una inversi\u00f3n m\u00ednima en infraestructuras para hacerlos volver a un estado \u00f3ptimo.<\/p>\n\n\n\n<p>Esto formar\u00eda parte de una idea de pa\u00eds, como un todo, no solo centr\u00e1ndose 3 o 4 capitales de provincia y recuperar\u00edamos un mundo rural que sigue ah\u00ed\u2026 esperando a que alguien le d\u00e9 la importancia que una vez tuvo y que en pleno siglo XXI deber\u00eda recuperar.<\/p>\n\n\n\n<p>Recuperar\u00edamos un mundo rural de la mano de los descendientes de aquellos que fueron expulsados y dejaron vac\u00edos estos pueblos y as\u00ed han permanecido d\u00e9cadas.<\/p>\n\n\n\n<p>La potencializaci\u00f3n de nuevas energ\u00edas, donde Espa\u00f1a deber\u00e1 ser l\u00edder gracias a nuestro posicionamiento geogr\u00e1fico, con una red fluvial que ya es clave en la producci\u00f3n de energ\u00eda hidroel\u00e9ctrica pero que tiene mucho margen de crecimiento, una producci\u00f3n en energ\u00eda e\u00f3lica que nos sit\u00faa en el top 5 a nivel mundial, y la energ\u00eda solar, pueden ir de la mano con pol\u00edticas de repoblaci\u00f3n de la Espa\u00f1a vaciada, ya que estas \u00e1reas son las que m\u00e1s nuevas energ\u00edas limpias podr\u00edan producir abaratando la vida a su ciudadan\u00eda.<\/p>\n\n\n\n<p>Los extranjeros adinerados ya vienen a jubilarse en nuestro pa\u00eds por cuatro perras, pero para asegurar nuestro futuro como pa\u00eds hay que atraer a trabajadores.<\/p>\n\n\n\n<figure class=\"wp-block-image size-large\"><img decoding=\"async\" width=\"1280\" height=\"851\" src=\"http:\/\/xn--tuvozdiasporaespaola-k7b.com\/wp-content\/uploads\/2023\/01\/foto-jc3b3venes-emigrantes-aeropuerto3033390929180808239..jpg?w=1024\" alt=\"\" class=\"wp-image-1007\" srcset=\"https:\/\/xn--tuvozdiasporaespaola-k7b.com\/wp-content\/uploads\/2023\/01\/foto-jc3b3venes-emigrantes-aeropuerto3033390929180808239..jpg 1280w, https:\/\/xn--tuvozdiasporaespaola-k7b.com\/wp-content\/uploads\/2023\/01\/foto-jc3b3venes-emigrantes-aeropuerto3033390929180808239.-300x199.jpg 300w, https:\/\/xn--tuvozdiasporaespaola-k7b.com\/wp-content\/uploads\/2023\/01\/foto-jc3b3venes-emigrantes-aeropuerto3033390929180808239.-1024x681.jpg 1024w, https:\/\/xn--tuvozdiasporaespaola-k7b.com\/wp-content\/uploads\/2023\/01\/foto-jc3b3venes-emigrantes-aeropuerto3033390929180808239.-768x511.jpg 768w\" sizes=\"(max-width: 1280px) 100vw, 1280px\" \/><figcaption class=\"wp-element-caption\">Viajes de ida y vuelta.<\/figcaption><\/figure>\n\n\n\n<p>Los cambios legislativos siempre deber\u00e1n incorporar una inversi\u00f3n para lograr los objetivos. Proyectos sin recursos no funcionan y no son m\u00e1s que un \u2018brindis al sol\u2019.<\/p>\n\n\n\n<p>La Espa\u00f1a del futuro la tenemos frente a nuestros ojos y no hace falta ser muy listo para saber d\u00f3nde invertir y c\u00f3mo reconectar nuestra econom\u00eda con los recursos naturales y la mano de obra potencial que podr\u00eda incorporarse a nuestro mercado laboral.<\/p>\n\n\n\n<p><strong>David Casarejos Moya<\/strong><\/p>\n\n\n\n<p><em>Presidente de la Comisi\u00f3n de Derechos Civiles y Participaci\u00f3n del Consejo General de la Ciudadan\u00eda Espa\u00f1ola&nbsp;en el Exterior y presidente del del Consejo de Residentes Espa\u00f1oles de Manchester.<\/em><\/p>\n","protected":false},"excerpt":{"rendered":"<p>El futuro de toda Europa pasa por una renovaci\u00f3n demogr\u00e1fica. El estancamiento en la natalidad y el envejecimiento de nuestras poblaciones obligan a Europa &#8230; <\/p>\n<p class=\"read-more-container\"><a title=\"El crecimiento de Espa\u00f1a ser\u00e1 desde el exterior\" class=\"read-more button\" href=\"https:\/\/xn--tuvozdiasporaespaola-k7b.com\/page\/2\/el-crecimiento-de-espana-sera-desde-el-exterior\/#more-1003\" aria-label=\"M\u00e1s en El crecimiento de Espa\u00f1a ser\u00e1 desde el exterior\">Leer m\u00e1s<\/a><\/p>\n","protected":false},"author":222560522,"featured_media":0,"comment_status":"open","ping_status":"open","sticky":false,"template":"","format":"standard","meta":{"footnotes":""},"categories":[1771],"tags":[],"class_list":["post-1003","post","type-post","status-publish","format-standard","hentry","category-sociales"],"_links":{"self":[{"href":"https:\/\/xn--tuvozdiasporaespaola-k7b.com\/page\/2\/wp-json\/wp\/v2\/posts\/1003","targetHints":{"allow":["GET"]}}],"collection":[{"href":"https:\/\/xn--tuvozdiasporaespaola-k7b.com\/page\/2\/wp-json\/wp\/v2\/posts"}],"about":[{"href":"https:\/\/xn--tuvozdiasporaespaola-k7b.com\/page\/2\/wp-json\/wp\/v2\/types\/post"}],"author":[{"embeddable":true,"href":"https:\/\/xn--tuvozdiasporaespaola-k7b.com\/page\/2\/wp-json\/wp\/v2\/users\/222560522"}],"replies":[{"embeddable":true,"href":"https:\/\/xn--tuvozdiasporaespaola-k7b.com\/page\/2\/wp-json\/wp\/v2\/comments?post=1003"}],"version-history":[{"count":0,"href":"https:\/\/xn--tuvozdiasporaespaola-k7b.com\/page\/2\/wp-json\/wp\/v2\/posts\/1003\/revisions"}],"wp:attachment":[{"href":"https:\/\/xn--tuvozdiasporaespaola-k7b.com\/page\/2\/wp-json\/wp\/v2\/media?parent=1003"}],"wp:term":[{"taxonomy":"category","embeddable":true,"href":"https:\/\/xn--tuvozdiasporaespaola-k7b.com\/page\/2\/wp-json\/wp\/v2\/categories?post=1003"},{"taxonomy":"post_tag","embeddable":true,"href":"https:\/\/xn--tuvozdiasporaespaola-k7b.com\/page\/2\/wp-json\/wp\/v2\/tags?post=1003"}],"curies":[{"name":"wp","href":"https:\/\/api.w.org\/{rel}","templated":true}]}}