{"id":1002,"date":"2023-01-18T15:00:48","date_gmt":"2023-01-18T18:00:48","guid":{"rendered":"https:\/\/xn--tuvozdiasporaespaola-k7b.com\/2023\/01\/18\/ningun-partido-representa-los-verdaderos-intereses-del-pueblo-peruano\/"},"modified":"2023-01-18T15:00:48","modified_gmt":"2023-01-18T18:00:48","slug":"ningun-partido-representa-los-verdaderos-intereses-del-pueblo-peruano","status":"publish","type":"post","link":"https:\/\/xn--tuvozdiasporaespaola-k7b.com\/page\/2\/ningun-partido-representa-los-verdaderos-intereses-del-pueblo-peruano\/","title":{"rendered":"\u201cNing\u00fan partido representa los verdaderos intereses del pueblo peruano\u201d"},"content":{"rendered":"\n<p>Guiovanna Bendezu es una dirigente y activista peruana, referente del Comit\u00e9 \u201cPeruanos Autoconvocados del Exterior por la libertad de Pedro Castillo\u201d e integrante colaboradora de Podemos en Per\u00fa . En medio de la crisis social que vive por estas horas Per\u00fa, Bendezu, que comanda en Lima los comit\u00e9s de movilizaci\u00f3n popular, dialog\u00f3 con \u201cCenizas de Babilonia. Di\u00e1spora Espa\u00f1ola\u201d, programa radial de AM 570, presentado por Roberto San Mart\u00edn y Francisco L\u00f3pez.\u00a0 Durante la entrevista se refiri\u00f3, entre otros temas, a la necesidad de una asamblea constituyente que ponga freno a los atropellos que se est\u00e1n cometiendo contra el pueblo peruano.<\/p>\n\n\n\n<figure class=\"wp-block-image size-large\"><img fetchpriority=\"high\" decoding=\"async\" width=\"915\" height=\"617\" src=\"http:\/\/xn--tuvozdiasporaespaola-k7b.com\/wp-content\/uploads\/2023\/01\/screenshot_20221212-115114_telegram640383244210778938.jpg?w=915\" alt=\"\" class=\"wp-image-996\" srcset=\"https:\/\/xn--tuvozdiasporaespaola-k7b.com\/wp-content\/uploads\/2023\/01\/screenshot_20221212-115114_telegram640383244210778938.jpg 915w, https:\/\/xn--tuvozdiasporaespaola-k7b.com\/wp-content\/uploads\/2023\/01\/screenshot_20221212-115114_telegram640383244210778938-300x202.jpg 300w, https:\/\/xn--tuvozdiasporaespaola-k7b.com\/wp-content\/uploads\/2023\/01\/screenshot_20221212-115114_telegram640383244210778938-768x518.jpg 768w\" sizes=\"(max-width: 915px) 100vw, 915px\" \/><\/figure>\n\n\n\n<p><strong>A un mes de la detenci\u00f3n de Pedro Castillo, con un golpe de Estado encubierto, \u00bfc\u00f3mo est\u00e1 la situaci\u00f3n en estos momentos en Per\u00fa?<\/strong><\/p>\n\n\n\n<p><em>Las movilizaciones siguen, pero esto es algo que comenz\u00f3 ya en diciembre. En medio hubo una tregua por las fiestas navide\u00f1as, porque esto iba a perjudicar directamente a las peque\u00f1as PyMes, y al campesino que vive de la producci\u00f3n y la distribuci\u00f3n de sus alimentos. Esta fuerza se siente, en algunas provincias del sur del Per\u00fa, como el caso de Puno, a\u00fan se siente m\u00e1s fuerte. Desde el primer d\u00eda hasta el d\u00eda de hoy no han cesado en sus paros. No todas las carreteras en Puno han comenzado a funcionar al cien por ciento desde el inicio, desde que se sali\u00f3 a las calles con la consigna del pedido de renuncia de Dina Boluarte, del cierre del Congreso, de la nueva asamblea constituyente. Y creemos que esa fuerza ir\u00e1 tomando cuerpo y estructura, pero con los pasos de las semanas, e incluso meses. Sabemos que las vidas ac\u00e1 en el sur no valen mucho, no tienen mucha repercusi\u00f3n a nivel nacional y la prensa internacional hace lo que puede. No vemos una prensa que est\u00e9 atr\u00e1s de lo que sucede, s\u00f3lo algunos medios que siempre realzan las noticias, las masacres; pero en lo personal creo que este objetivo final, que es el de una asamblea constituyente, va a ir tomando fuerza con las manifestaciones, y lamentablemente con el sello de nuestros hermanos h\u00e9roes asesinados por la polic\u00eda de Dina Boluarte. Ahora es como una conmoci\u00f3n, movilizaci\u00f3n, protesta, enojo, pero esta rabia que estamos teniendo va a comenzar a organizarse. Porque no queremos repetir la misma historia. En menos de cinco a\u00f1os tuvimos seis presidentes. Y sabemos que la soluci\u00f3n no es siempre nuevas elecciones, y esto es lo que tambi\u00e9n est\u00e1 en debate. Las nuevas elecciones tienen que acompa\u00f1arse con una reforma estructural de del sistema de elecci\u00f3n. Una nueva ley de partidos pol\u00edticos, una constituci\u00f3n que garantice el voto popular, que haya una garant\u00eda jur\u00eddica respecto a eso; que no haya desorbitaciones de los poderes en nuestro estado. Es inconcebible tener un poder legislativo totalmente poderoso, autoritario, dictador, frente a un poder ejecutivo que todav\u00eda no termin\u00f3 de estructurar su plan de gobierno, de elegir su gente de trabajo. Muchas de las reuniones son para poder escucharnos; porque son muy pocos los momento en los que nosotros nos sentamos a hablar de pol\u00edtica. Salimos cuando hay indignaci\u00f3n total. Pero esa fuerza se ir\u00e1 construyendo con el paso del tiempo, teniendo como precedente que la constituci\u00f3n de nuestro pa\u00eds no es garant\u00eda de absolutamente nada en beneficio del pueblo. Necesitamos darnos la oportunidad de tener nuevas reglas de juego.&nbsp;<\/em><\/p>\n\n\n\n<figure class=\"wp-block-image size-large\"><img decoding=\"async\" width=\"1080\" height=\"810\" src=\"http:\/\/xn--tuvozdiasporaespaola-k7b.com\/wp-content\/uploads\/2023\/01\/img-20230113-wa00014535031241787174753.jpg?w=1024\" alt=\"\" class=\"wp-image-998\" srcset=\"https:\/\/xn--tuvozdiasporaespaola-k7b.com\/wp-content\/uploads\/2023\/01\/img-20230113-wa00014535031241787174753.jpg 1080w, https:\/\/xn--tuvozdiasporaespaola-k7b.com\/wp-content\/uploads\/2023\/01\/img-20230113-wa00014535031241787174753-300x225.jpg 300w, https:\/\/xn--tuvozdiasporaespaola-k7b.com\/wp-content\/uploads\/2023\/01\/img-20230113-wa00014535031241787174753-1024x768.jpg 1024w, https:\/\/xn--tuvozdiasporaespaola-k7b.com\/wp-content\/uploads\/2023\/01\/img-20230113-wa00014535031241787174753-768x576.jpg 768w\" sizes=\"(max-width: 1080px) 100vw, 1080px\" \/><\/figure>\n\n\n\n<p><strong>La lucha del pueblo peruano y su presencia en las calles \u00bftendr\u00e1 la fuerza suficiente para cambiar la direcci\u00f3n y el rumbo pol\u00edtico en el Per\u00fa? \u00bfCu\u00e1nto tiempo podr\u00e1 aguantar en el poder la usurpadora presidenta de Per\u00fa con m\u00e1s de veinticinco muertos y miles de heridos?<\/strong><\/p>\n\n\n\n<p><em>El tiempo que va a aguantar Dina Boluarte no depende de los muertos, que ya suman m\u00e1s de cincuenta. Pero s\u00ed sabemos qui\u00e9n va a medir su continuidad en el poder ejecutivo. Son las fuerzas econ\u00f3micas, los grupos de poder que son los verdaderos due\u00f1os de nuestro pa\u00eds. Ellos le dar\u00e1n el ultim\u00e1tum. Pero tambi\u00e9n sabemos que hasta el d\u00eda de hoy Lima reci\u00e9n ha hecho una movilizaci\u00f3n grande. No de la cantidad de personas que nosotros en el sur hubi\u00e9ramos querido, porque en Lima el ochenta por ciento son provincianos, son de ac\u00e1, son del sur, que han emigrado a Lima justamente para tener nuevas oportunidades, pero ellos son provincianos tal como nosotros. Lamentablemente, al vivir en una capital racista, clasista, creo que tambi\u00e9n se han contaminado con esos vicios. Tranquilamente Lima podr\u00eda poner en jaque mate a este Congreso. Pero nuestros hermanos en Lima todav\u00eda no han reaccionado. Creo que porque all\u00ed no ha habido ni un solo herido, ni desabastecimiento de alimentos. <\/em><\/p>\n\n\n\n<figure class=\"wp-block-image size-large\"><img decoding=\"async\" width=\"827\" height=\"835\" src=\"http:\/\/xn--tuvozdiasporaespaola-k7b.com\/wp-content\/uploads\/2023\/01\/screenshot_20221212-003834_whatsapp7254873179080926953.jpg?w=827\" alt=\"\" class=\"wp-image-1001\" srcset=\"https:\/\/xn--tuvozdiasporaespaola-k7b.com\/wp-content\/uploads\/2023\/01\/screenshot_20221212-003834_whatsapp7254873179080926953.jpg 827w, https:\/\/xn--tuvozdiasporaespaola-k7b.com\/wp-content\/uploads\/2023\/01\/screenshot_20221212-003834_whatsapp7254873179080926953-297x300.jpg 297w, https:\/\/xn--tuvozdiasporaespaola-k7b.com\/wp-content\/uploads\/2023\/01\/screenshot_20221212-003834_whatsapp7254873179080926953-150x150.jpg 150w, https:\/\/xn--tuvozdiasporaespaola-k7b.com\/wp-content\/uploads\/2023\/01\/screenshot_20221212-003834_whatsapp7254873179080926953-768x775.jpg 768w\" sizes=\"(max-width: 827px) 100vw, 827px\" \/><\/figure>\n\n\n\n<p><em>Pero yo estoy segura de que si hubiera habido un fallecido en Lima, ya hubiera renunciado Dina Boluarte. Si no se hace la protesta frente a las instituciones principales, su voz nunca va a ser escuchada. Por eso muchos hermanos viajan a las capitales para hacerse o\u00edr. El ej\u00e9rcito est\u00e1 resguardando estas instituciones y es por esto la cantidad de muertos de nuestros hermanos que se acercan a estos lugares poderosos, de mucha concentraci\u00f3n, no s\u00f3lo de poder, sino de poder econ\u00f3mico. Y el ej\u00e9rcito dispara contra ellos a quemarropa. Pero como ya he dicho, los muertos no son medibles para que Dina Boluarte siga o no en el poder. Son los monopolios, los grupos econ\u00f3micos de poder de este pa\u00eds los que van a decidir hasta qu\u00e9 momento la quieren tener. Y es por esto que el pueblo sigue marchando, manifest\u00e1ndose, haciendo paro; para hacer escuchar nuestra voz. Somos los comuneros, los campechanos los que vamos a salvar el pa\u00eds; ya no esperamos nada de nadie, menos de ning\u00fan pol\u00edtico; porque los que ha habido no han tenido la suficiente talla ni madurez para hacer respetar nuestros reales derechos y peticiones<\/em>.<\/p>\n\n\n\n<figure class=\"wp-block-embed is-type-rich is-provider-twitter wp-block-embed-twitter\"><div class=\"wp-block-embed__wrapper\">\n<blockquote class=\"twitter-tweet\" data-width=\"550\" data-dnt=\"true\"><p lang=\"es\" dir=\"ltr\">?PLAZA SAN MART\u00cdN: Llega desde Huancan\u00e9 la primera delegaci\u00f3n de Puno para unirse a la Gran Marcha contra la asesina Dina Boluarte y por la Asamblea Constituyente.<a href=\"https:\/\/t.co\/IkUPSbaeHn\">pic.twitter.com\/IkUPSbaeHn<\/a><\/p>&mdash; Come\u00f1ista (@verdeembeleso) <a href=\"https:\/\/twitter.com\/verdeembeleso\/status\/1615589012894547969?ref_src=twsrc%5Etfw\">January 18, 2023<\/a><\/blockquote><script async src=\"https:\/\/platform.twitter.com\/widgets.js\" charset=\"utf-8\"><\/script>\n<\/div><\/figure>\n\n\n\n<p><strong>\u00bfQu\u00e9 reflexi\u00f3n o acciones inmediatas contempla el pueblo peruano a corto plazo para la soluci\u00f3n del conflicto?<\/strong><\/p>\n\n\n\n<p><em>A m\u00e1s de un mes de la detenci\u00f3n de Pedro Castillo lamentablemente sabemos muy poco sobre la situaci\u00f3n de nuestro presidente. Lo que s\u00ed sabemos es que hace menos de una semana, a su esposa le han abierto una investigaci\u00f3n. Y tampoco sabemos muy bien la situaci\u00f3n de salud de Pedro Castillo; hay muy poca informaci\u00f3n sobre eso. <\/em><\/p>\n\n\n\n<figure class=\"wp-block-image size-large\"><img loading=\"lazy\" decoding=\"async\" width=\"1600\" height=\"1600\" src=\"http:\/\/xn--tuvozdiasporaespaola-k7b.com\/wp-content\/uploads\/2023\/01\/img-20230117-wa00674615383973798449888.jpg?w=1024\" alt=\"\" class=\"wp-image-999\" srcset=\"https:\/\/xn--tuvozdiasporaespaola-k7b.com\/wp-content\/uploads\/2023\/01\/img-20230117-wa00674615383973798449888.jpg 1600w, https:\/\/xn--tuvozdiasporaespaola-k7b.com\/wp-content\/uploads\/2023\/01\/img-20230117-wa00674615383973798449888-300x300.jpg 300w, https:\/\/xn--tuvozdiasporaespaola-k7b.com\/wp-content\/uploads\/2023\/01\/img-20230117-wa00674615383973798449888-1024x1024.jpg 1024w, https:\/\/xn--tuvozdiasporaespaola-k7b.com\/wp-content\/uploads\/2023\/01\/img-20230117-wa00674615383973798449888-150x150.jpg 150w, https:\/\/xn--tuvozdiasporaespaola-k7b.com\/wp-content\/uploads\/2023\/01\/img-20230117-wa00674615383973798449888-768x768.jpg 768w, https:\/\/xn--tuvozdiasporaespaola-k7b.com\/wp-content\/uploads\/2023\/01\/img-20230117-wa00674615383973798449888-1568x1568.jpg 1568w\" sizes=\"(max-width: 1600px) 100vw, 1600px\" \/><\/figure>\n\n\n\n<p><em>Hace menos de una semana sali\u00f3 por los medios y en las redes sociales diciendo que no puede comunicarse con su familia. Es parte de la dictadura que estamos viviendo en el Per\u00fa. La mayor convulsi\u00f3n social se est\u00e1 viviendo en el sur. Claramente es un conflicto entre la sociedad civil contra el poder ejecutivo y todo su aparato represivo. No nos sentimos a gusto, estamos detestando este sistema pol\u00edtico. Es un hartazgo, estamos asqueados de este sistema pol\u00edtico que nace desde la instauraci\u00f3n de la dictadura de Alberto Fujimori. Lo que hoy tenemos es una saturaci\u00f3n del descontento social, de todo el sistema representativo pol\u00edtico. Ning\u00fan partido representa los verdaderos intereses del pueblo peruano. Lamentablemente los partidos pol\u00edticos se han vuelto grupos de amigos, es simplemente una repartija de cuotas de poder para las candidaturas. No hay credibilidad en ninguno de los partidos pol\u00edticos. Nosotros estamos pidiendo el cese de las matanzas, de las masacre de nuestros hermanos del sur. Hay cerca de cincuenta asesinados por la polic\u00eda nacional y lo peor es que vemos que no van a dar marcha atr\u00e1s. Son vidas que para ellos no vales. Es crudo decirlo as\u00ed pero es la realidad. Lamentablemente Per\u00fa es muy racista estructuralmente y este sistema pol\u00edtico lo consolida. Muchos de los muertos, asesinados por la polic\u00eda nacional, son menores de edad. La soluci\u00f3n final ser\u00eda una asamblea constituyente, pero eso va a tardar. Lamentablemente por ahora no vemos la salida.<\/em><\/p>\n\n\n\n<figure class=\"wp-block-image size-large\"><img loading=\"lazy\" decoding=\"async\" width=\"1080\" height=\"810\" src=\"http:\/\/xn--tuvozdiasporaespaola-k7b.com\/wp-content\/uploads\/2023\/01\/img-20230113-wa00052791694829873607444.jpg?w=1024\" alt=\"\" class=\"wp-image-1000\" srcset=\"https:\/\/xn--tuvozdiasporaespaola-k7b.com\/wp-content\/uploads\/2023\/01\/img-20230113-wa00052791694829873607444.jpg 1080w, https:\/\/xn--tuvozdiasporaespaola-k7b.com\/wp-content\/uploads\/2023\/01\/img-20230113-wa00052791694829873607444-300x225.jpg 300w, https:\/\/xn--tuvozdiasporaespaola-k7b.com\/wp-content\/uploads\/2023\/01\/img-20230113-wa00052791694829873607444-1024x768.jpg 1024w, https:\/\/xn--tuvozdiasporaespaola-k7b.com\/wp-content\/uploads\/2023\/01\/img-20230113-wa00052791694829873607444-768x576.jpg 768w\" sizes=\"(max-width: 1080px) 100vw, 1080px\" \/><\/figure>\n\n\n\n<p>Walter Medina,  Redacci\u00f3n de Revista TU VOZ,  Delegaci\u00f3n Argentina <\/p>\n","protected":false},"excerpt":{"rendered":"<p>Guiovanna Bendezu es una dirigente y activista peruana, referente del Comit\u00e9 \u201cPeruanos Autoconvocados del Exterior por la libertad de Pedro Castillo\u201d e integrante colaboradora &#8230; <\/p>\n<p class=\"read-more-container\"><a title=\"\u201cNing\u00fan partido representa los verdaderos intereses del pueblo peruano\u201d\" class=\"read-more button\" href=\"https:\/\/xn--tuvozdiasporaespaola-k7b.com\/page\/2\/ningun-partido-representa-los-verdaderos-intereses-del-pueblo-peruano\/#more-1002\" aria-label=\"M\u00e1s en \u201cNing\u00fan partido representa los verdaderos intereses del pueblo peruano\u201d\">Leer m\u00e1s<\/a><\/p>\n","protected":false},"author":222560522,"featured_media":0,"comment_status":"open","ping_status":"open","sticky":false,"template":"","format":"standard","meta":{"footnotes":""},"categories":[1771],"tags":[],"class_list":["post-1002","post","type-post","status-publish","format-standard","hentry","category-sociales"],"_links":{"self":[{"href":"https:\/\/xn--tuvozdiasporaespaola-k7b.com\/page\/2\/wp-json\/wp\/v2\/posts\/1002","targetHints":{"allow":["GET"]}}],"collection":[{"href":"https:\/\/xn--tuvozdiasporaespaola-k7b.com\/page\/2\/wp-json\/wp\/v2\/posts"}],"about":[{"href":"https:\/\/xn--tuvozdiasporaespaola-k7b.com\/page\/2\/wp-json\/wp\/v2\/types\/post"}],"author":[{"embeddable":true,"href":"https:\/\/xn--tuvozdiasporaespaola-k7b.com\/page\/2\/wp-json\/wp\/v2\/users\/222560522"}],"replies":[{"embeddable":true,"href":"https:\/\/xn--tuvozdiasporaespaola-k7b.com\/page\/2\/wp-json\/wp\/v2\/comments?post=1002"}],"version-history":[{"count":0,"href":"https:\/\/xn--tuvozdiasporaespaola-k7b.com\/page\/2\/wp-json\/wp\/v2\/posts\/1002\/revisions"}],"wp:attachment":[{"href":"https:\/\/xn--tuvozdiasporaespaola-k7b.com\/page\/2\/wp-json\/wp\/v2\/media?parent=1002"}],"wp:term":[{"taxonomy":"category","embeddable":true,"href":"https:\/\/xn--tuvozdiasporaespaola-k7b.com\/page\/2\/wp-json\/wp\/v2\/categories?post=1002"},{"taxonomy":"post_tag","embeddable":true,"href":"https:\/\/xn--tuvozdiasporaespaola-k7b.com\/page\/2\/wp-json\/wp\/v2\/tags?post=1002"}],"curies":[{"name":"wp","href":"https:\/\/api.w.org\/{rel}","templated":true}]}}